{"id":40616,"date":"2026-03-11T09:24:31","date_gmt":"2026-03-11T09:24:31","guid":{"rendered":"https:\/\/www.wyssenseilbahnen.com\/?p=40616"},"modified":"2026-03-11T13:53:08","modified_gmt":"2026-03-11T13:53:08","slug":"funicularul-wyssen-tehnologie-cheie-pentru-o-padure-de-protectie-rezistenta-in-viitor","status":"publish","type":"post","link":"https:\/\/www.wyssenseilbahnen.com\/ro\/funicularul-wyssen-tehnologie-cheie-pentru-o-padure-de-protectie-rezistenta-in-viitor\/","title":{"rendered":"Funicularul Wyssen \u2013 Tehnologie cheie pentru o p\u0103dure de protec\u021bie rezistent\u0103 \u00een viitor"},"content":{"rendered":"\t\t<div data-elementor-type=\"wp-post\" data-elementor-id=\"40616\" class=\"elementor elementor-40616 elementor-40614\" data-elementor-post-type=\"post\">\n\t\t\t\t\t\t<section class=\"elementor-section elementor-top-section elementor-element elementor-element-19f3f179 elementor-section-stretched elementor-section-boxed elementor-section-height-default elementor-section-height-default\" data-id=\"19f3f179\" data-element_type=\"section\" data-e-type=\"section\" data-settings=\"{&quot;stretch_section&quot;:&quot;section-stretched&quot;,&quot;background_background&quot;:&quot;classic&quot;}\">\n\t\t\t\t\t\t<div class=\"elementor-container elementor-column-gap-default\">\n\t\t\t\t\t<div class=\"elementor-column elementor-col-100 elementor-top-column elementor-element elementor-element-580ab198\" data-id=\"580ab198\" data-element_type=\"column\" data-e-type=\"column\" data-settings=\"{&quot;background_background&quot;:&quot;classic&quot;}\">\n\t\t\t<div class=\"elementor-widget-wrap elementor-element-populated\">\n\t\t\t\t\t\t\t<\/div>\n\t\t<\/div>\n\t\t\t\t\t<\/div>\n\t\t<\/section>\n\t\t\t\t<section class=\"elementor-section elementor-top-section elementor-element elementor-element-4a43f6b9 elementor-section-stretched elementor-section-boxed elementor-section-height-default elementor-section-height-default\" data-id=\"4a43f6b9\" data-element_type=\"section\" data-e-type=\"section\" data-settings=\"{&quot;stretch_section&quot;:&quot;section-stretched&quot;,&quot;background_background&quot;:&quot;classic&quot;}\">\n\t\t\t\t\t\t<div class=\"elementor-container elementor-column-gap-default\">\n\t\t\t\t\t<div class=\"elementor-column elementor-col-100 elementor-top-column elementor-element elementor-element-291c9603\" data-id=\"291c9603\" data-element_type=\"column\" data-e-type=\"column\">\n\t\t\t<div class=\"elementor-widget-wrap elementor-element-populated\">\n\t\t\t\t\t\t<div class=\"elementor-element elementor-element-675136e0 elementor-widget elementor-widget-spacer\" data-id=\"675136e0\" data-element_type=\"widget\" data-e-type=\"widget\" data-widget_type=\"spacer.default\">\n\t\t\t\t<div class=\"elementor-widget-container\">\n\t\t\t\t\t\t\t<div class=\"elementor-spacer\">\n\t\t\t<div class=\"elementor-spacer-inner\"><\/div>\n\t\t<\/div>\n\t\t\t\t\t\t<\/div>\n\t\t\t\t<\/div>\n\t\t\t\t<div class=\"elementor-element elementor-element-7cb7bc3 elementor-widget elementor-widget-heading\" data-id=\"7cb7bc3\" data-element_type=\"widget\" data-e-type=\"widget\" data-widget_type=\"heading.default\">\n\t\t\t\t<div class=\"elementor-widget-container\">\n\t\t\t\t\t<h2 class=\"elementor-heading-title elementor-size-default\">WSL Informa\u021bii utile &amp; Funicularul Wyssen<\/h2>\t\t\t\t<\/div>\n\t\t\t\t<\/div>\n\t\t\t\t<div class=\"elementor-element elementor-element-76a4673 elementor-widget elementor-widget-heading\" data-id=\"76a4673\" data-element_type=\"widget\" data-e-type=\"widget\" data-widget_type=\"heading.default\">\n\t\t\t\t<div class=\"elementor-widget-container\">\n\t\t\t\t\t<h3 class=\"elementor-heading-title elementor-size-default\">1. Context: Schimb\u0103rile climatice necesit\u0103 o gestionare adaptat\u0103 a p\u0103durilor<\/h3>\t\t\t\t<\/div>\n\t\t\t\t<\/div>\n\t\t\t\t<div class=\"elementor-element elementor-element-8e6a57e elementor-widget elementor-widget-text-editor\" data-id=\"8e6a57e\" data-element_type=\"widget\" data-e-type=\"widget\" data-widget_type=\"text-editor.default\">\n\t\t\t\t<div class=\"elementor-widget-container\">\n\t\t\t\t\t\t\t\t\t<p><span data-teams=\"true\">Cercet\u0103rile Institutului Federal Elve\u021bian pentru <a href=\"https:\/\/www.wsl.ch\/\">Cercetarea, P\u0103durilor, Z\u0103pezii \u0219i Peisajului (WSL)<\/a> rat\u0103 c\u0103 p\u0103durile elve\u021biene sunt din ce \u00een ce mai afectate de schimb\u0103rile climatice. Cre\u0219terea temperaturilor, perioadele de secet\u0103 mai frecvente \u0219i presiunea mai mare din partea insectelor provoac\u0103 mortalitate, cre\u0219tere redus\u0103 \u0219i instabilitate \u00een multe arborete. \u00cen special molidul \u0219i fagul din siturile sensibile la clim\u0103 prezint\u0103 deja daune semnificative, a\u0219a cum se subliniaz\u0103 \u00een <a href=\"https:\/\/www.bafu.admin.ch\/de\/waldbericht-2025\"><i>Raportul Elve\u021bian privind P\u0103durile 2025.<\/i><\/a>  <\/span><\/p><p><span data-teams=\"true\">\u00cen acela\u0219i timp, WSL subliniaz\u0103 faptul c\u0103 p\u0103durile bogate din punct de vedere structural, diverse \u00een specii \u0219i bine \u00eentre\u021binute sunt mult mai bine adaptate la schimb\u0103rile climatice \u0219i vor continua s\u0103 ofere func\u021bii critice de protec\u021bie \u00een regiunile alpine. Pentru a realiza acest lucru, este esen\u021bial\u0103 o gestionare activ\u0103 \u0219i atent planificat\u0103 a p\u0103durilor &#8211; \u00een special \u00een terenurile montane abrupte \u0219i inaccesibile. WSL afirm\u0103 c\u0103 aproximativ 70% din p\u0103durile elve\u021biene sunt gestionate pentru a men\u021bine func\u021biile de protec\u021bie, biodiversitatea \u0219i produc\u021bia de lemn pe termen lung.  <\/span><\/p>\t\t\t\t\t\t\t\t<\/div>\n\t\t\t\t<\/div>\n\t\t\t\t<section class=\"elementor-section elementor-inner-section elementor-element elementor-element-7d8c8950 elementor-section-boxed elementor-section-height-default elementor-section-height-default\" data-id=\"7d8c8950\" data-element_type=\"section\" data-e-type=\"section\">\n\t\t\t\t\t\t<div class=\"elementor-container elementor-column-gap-default\">\n\t\t\t\t\t<div class=\"elementor-column elementor-col-50 elementor-inner-column elementor-element elementor-element-d56dd47\" data-id=\"d56dd47\" data-element_type=\"column\" data-e-type=\"column\">\n\t\t\t<div class=\"elementor-widget-wrap elementor-element-populated\">\n\t\t\t\t\t\t<div class=\"elementor-element elementor-element-6970f36 elementor-widget elementor-widget-heading\" data-id=\"6970f36\" data-element_type=\"widget\" data-e-type=\"widget\" data-widget_type=\"heading.default\">\n\t\t\t\t<div class=\"elementor-widget-container\">\n\t\t\t\t\t<h3 class=\"elementor-heading-title elementor-size-default\">2. Provocarea pe terenurile abrupte: Men\u021binerea protec\u021biei, reduc\u00e2nd \u00een acela\u0219i timp daunele<br><br><\/h3>\t\t\t\t<\/div>\n\t\t\t\t<\/div>\n\t\t\t\t<div class=\"elementor-element elementor-element-c77fe82 elementor-widget elementor-widget-text-editor\" data-id=\"c77fe82\" data-element_type=\"widget\" data-e-type=\"widget\" data-widget_type=\"text-editor.default\">\n\t\t\t\t<div class=\"elementor-widget-container\">\n\t\t\t\t\t\t\t\t\t<p><span data-teams=\"true\">P\u0103durile montane ofer\u0103 o protec\u021bie natural\u0103 esen\u021bial\u0103:<\/span><\/p><ul><li>Protec\u021bie \u00eempotriva c\u0103derilor de pietre \u0219i a avalan\u0219elor<\/li><li>Stabilizarea pantei \u0219i a solului<\/li><li>Reglarea filtr\u0103rii apei \u0219i a apei potabile<\/li><li>Protec\u021bia a\u0219ez\u0103rilor \u0219i a infrastructurii critice<\/li><\/ul><p>Multe dintre aceste p\u0103duri de protec\u021bie sunt \u00eemb\u0103tr\u00e2nite, instabile sau stresate, necesit\u00e2nd interven\u021bii specifice pentru a restabili rezisten\u021ba \u0219i a promova arborete tinere, preg\u0103tite pentru viitor. Cercet\u0103rile WSL arat\u0103 c\u0103 p\u0103durile montane sunt deosebit de sensibile &#8211; afectate de p\u0103\u0219unatul faunei s\u0103lbatice, stresul climatic \u0219i pericolele naturale &#8211; \u00een timp ce gestionarea este dificil\u0103 din cauza terenului \u0219i a accesibilit\u0103\u021bii limitate. <\/p>\t\t\t\t\t\t\t\t<\/div>\n\t\t\t\t<\/div>\n\t\t\t\t\t<\/div>\n\t\t<\/div>\n\t\t\t\t<div class=\"elementor-column elementor-col-50 elementor-inner-column elementor-element elementor-element-7a8f9480\" data-id=\"7a8f9480\" data-element_type=\"column\" data-e-type=\"column\">\n\t\t\t<div class=\"elementor-widget-wrap elementor-element-populated\">\n\t\t\t\t\t\t<div class=\"elementor-element elementor-element-962fc0b elementor-widget elementor-widget-image\" data-id=\"962fc0b\" data-element_type=\"widget\" data-e-type=\"widget\" data-widget_type=\"image.default\">\n\t\t\t\t<div class=\"elementor-widget-container\">\n\t\t\t\t\t\t\t\t\t\t\t\t\t\t\t<img fetchpriority=\"high\" decoding=\"async\" width=\"1024\" height=\"768\" src=\"https:\/\/www.wyssenseilbahnen.com\/wp-content\/uploads\/2026\/03\/nachhaltigkeit_1_wsl-1024x768.jpg\" class=\"attachment-large size-large wp-image-40635\" alt=\"\" srcset=\"https:\/\/www.wyssenseilbahnen.com\/wp-content\/uploads\/2026\/03\/nachhaltigkeit_1_wsl-1024x768.jpg 1024w, https:\/\/www.wyssenseilbahnen.com\/wp-content\/uploads\/2026\/03\/nachhaltigkeit_1_wsl-300x225.jpg 300w, https:\/\/www.wyssenseilbahnen.com\/wp-content\/uploads\/2026\/03\/nachhaltigkeit_1_wsl-768x576.jpg 768w, https:\/\/www.wyssenseilbahnen.com\/wp-content\/uploads\/2026\/03\/nachhaltigkeit_1_wsl-1536x1152.jpg 1536w, https:\/\/www.wyssenseilbahnen.com\/wp-content\/uploads\/2026\/03\/nachhaltigkeit_1_wsl.jpg 1920w\" sizes=\"(max-width: 1024px) 100vw, 1024px\" \/>\t\t\t\t\t\t\t\t\t\t\t\t\t\t\t<\/div>\n\t\t\t\t<\/div>\n\t\t\t\t<div class=\"elementor-element elementor-element-d02c3e4 elementor-widget elementor-widget-text-editor\" data-id=\"d02c3e4\" data-element_type=\"widget\" data-e-type=\"widget\" data-widget_type=\"text-editor.default\">\n\t\t\t\t<div class=\"elementor-widget-container\">\n\t\t\t\t\t\t\t\t\t<p><em>Exemple de coridoare Wyssen Skyline<\/em><\/p>\t\t\t\t\t\t\t\t<\/div>\n\t\t\t\t<\/div>\n\t\t\t\t<div class=\"elementor-element elementor-element-31b8f5c elementor-widget elementor-widget-spacer\" data-id=\"31b8f5c\" data-element_type=\"widget\" data-e-type=\"widget\" data-widget_type=\"spacer.default\">\n\t\t\t\t<div class=\"elementor-widget-container\">\n\t\t\t\t\t\t\t<div class=\"elementor-spacer\">\n\t\t\t<div class=\"elementor-spacer-inner\"><\/div>\n\t\t<\/div>\n\t\t\t\t\t\t<\/div>\n\t\t\t\t<\/div>\n\t\t\t\t\t<\/div>\n\t\t<\/div>\n\t\t\t\t\t<\/div>\n\t\t<\/section>\n\t\t\t\t<section class=\"elementor-section elementor-inner-section elementor-element elementor-element-8ed37a8 elementor-section-boxed elementor-section-height-default elementor-section-height-default\" data-id=\"8ed37a8\" data-element_type=\"section\" data-e-type=\"section\">\n\t\t\t\t\t\t<div class=\"elementor-container elementor-column-gap-default\">\n\t\t\t\t\t<div class=\"elementor-column elementor-col-50 elementor-inner-column elementor-element elementor-element-b8bf66a\" data-id=\"b8bf66a\" data-element_type=\"column\" data-e-type=\"column\">\n\t\t\t<div class=\"elementor-widget-wrap elementor-element-populated\">\n\t\t\t\t\t\t<div class=\"elementor-element elementor-element-52b177e elementor-widget elementor-widget-image\" data-id=\"52b177e\" data-element_type=\"widget\" data-e-type=\"widget\" data-widget_type=\"image.default\">\n\t\t\t\t<div class=\"elementor-widget-container\">\n\t\t\t\t\t\t\t\t\t\t\t\t\t\t\t<img decoding=\"async\" width=\"768\" height=\"1024\" src=\"https:\/\/www.wyssenseilbahnen.com\/wp-content\/uploads\/2026\/03\/nachhaltigkeit_6_wsl_hoch-2-768x1024.jpg\" class=\"attachment-large size-large wp-image-40674\" alt=\"\" srcset=\"https:\/\/www.wyssenseilbahnen.com\/wp-content\/uploads\/2026\/03\/nachhaltigkeit_6_wsl_hoch-2-768x1024.jpg 768w, https:\/\/www.wyssenseilbahnen.com\/wp-content\/uploads\/2026\/03\/nachhaltigkeit_6_wsl_hoch-2-225x300.jpg 225w, https:\/\/www.wyssenseilbahnen.com\/wp-content\/uploads\/2026\/03\/nachhaltigkeit_6_wsl_hoch-2.jpg 1125w\" sizes=\"(max-width: 768px) 100vw, 768px\" \/>\t\t\t\t\t\t\t\t\t\t\t\t\t\t\t<\/div>\n\t\t\t\t<\/div>\n\t\t\t\t<div class=\"elementor-element elementor-element-486fb05 elementor-widget elementor-widget-image\" data-id=\"486fb05\" data-element_type=\"widget\" data-e-type=\"widget\" data-widget_type=\"image.default\">\n\t\t\t\t<div class=\"elementor-widget-container\">\n\t\t\t\t\t\t\t\t\t\t\t\t\t\t\t<img decoding=\"async\" width=\"768\" height=\"1024\" src=\"https:\/\/www.wyssenseilbahnen.com\/wp-content\/uploads\/2026\/03\/nachhaltigkeit_2_wsl_hoch-768x1024.jpg\" class=\"attachment-large size-large wp-image-40646\" alt=\"\" srcset=\"https:\/\/www.wyssenseilbahnen.com\/wp-content\/uploads\/2026\/03\/nachhaltigkeit_2_wsl_hoch-768x1024.jpg 768w, https:\/\/www.wyssenseilbahnen.com\/wp-content\/uploads\/2026\/03\/nachhaltigkeit_2_wsl_hoch-225x300.jpg 225w, https:\/\/www.wyssenseilbahnen.com\/wp-content\/uploads\/2026\/03\/nachhaltigkeit_2_wsl_hoch-1152x1536.jpg 1152w, https:\/\/www.wyssenseilbahnen.com\/wp-content\/uploads\/2026\/03\/nachhaltigkeit_2_wsl_hoch.jpg 1440w\" sizes=\"(max-width: 768px) 100vw, 768px\" \/>\t\t\t\t\t\t\t\t\t\t\t\t\t\t\t<\/div>\n\t\t\t\t<\/div>\n\t\t\t\t<div class=\"elementor-element elementor-element-ceeafff elementor-widget elementor-widget-text-editor\" data-id=\"ceeafff\" data-element_type=\"widget\" data-e-type=\"widget\" data-widget_type=\"text-editor.default\">\n\t\t\t\t<div class=\"elementor-widget-container\">\n\t\t\t\t\t\t\t\t\t<p><em>Exemple de coridoare Wyssen Skyline<\/em><\/p>\t\t\t\t\t\t\t\t<\/div>\n\t\t\t\t<\/div>\n\t\t\t\t\t<\/div>\n\t\t<\/div>\n\t\t\t\t<div class=\"elementor-column elementor-col-50 elementor-inner-column elementor-element elementor-element-5797fc7\" data-id=\"5797fc7\" data-element_type=\"column\" data-e-type=\"column\">\n\t\t\t<div class=\"elementor-widget-wrap elementor-element-populated\">\n\t\t\t\t\t\t<div class=\"elementor-element elementor-element-50e2fd5 elementor-widget elementor-widget-heading\" data-id=\"50e2fd5\" data-element_type=\"widget\" data-e-type=\"widget\" data-widget_type=\"heading.default\">\n\t\t\t\t<div class=\"elementor-widget-container\">\n\t\t\t\t\t<h3 class=\"elementor-heading-title elementor-size-default\">3. P\u0103durile de exploatat cu instala\u021bii cu cablu \/ funiculare: Solu\u021bia optim\u0103 pentru gestionarea durabil\u0103 a p\u0103durilor montane<\/h3>\t\t\t\t<\/div>\n\t\t\t\t<\/div>\n\t\t\t\t<div class=\"elementor-element elementor-element-26cdc83 elementor-widget elementor-widget-text-editor\" data-id=\"26cdc83\" data-element_type=\"widget\" data-e-type=\"widget\" data-widget_type=\"text-editor.default\">\n\t\t\t\t<div class=\"elementor-widget-container\">\n\t\t\t\t\t\t\t\t\t<p><span data-teams=\"true\">\u00cen terenurile abrupte \u0219i inaccesibile,funicularele sunt recunoscute pe scar\u0103 larg\u0103 ca fiind cea mai ecologic\u0103 \u0219i mai pu\u021bin d\u0103un\u0103toare metod\u0103 de extrac\u021bie a lemnului. Avantajele lor se aliniaz\u0103 perfect cu recomand\u0103rile WSL pentru gestionarea p\u0103durilor rezistente la schimb\u0103rile climatice \u0219i apropiate de natur\u0103. <\/span><\/p>\t\t\t\t\t\t\t\t<\/div>\n\t\t\t\t<\/div>\n\t\t\t\t<div class=\"elementor-element elementor-element-3d6f7f7 elementor-widget elementor-widget-heading\" data-id=\"3d6f7f7\" data-element_type=\"widget\" data-e-type=\"widget\" data-widget_type=\"heading.default\">\n\t\t\t\t<div class=\"elementor-widget-container\">\n\t\t\t\t\t<h4 class=\"elementor-heading-title elementor-size-default\">Impact minim asupra solului \u0219i structurilor forestiere<\/h4>\t\t\t\t<\/div>\n\t\t\t\t<\/div>\n\t\t\t\t<div class=\"elementor-element elementor-element-0574f05 elementor-widget elementor-widget-text-editor\" data-id=\"0574f05\" data-element_type=\"widget\" data-e-type=\"widget\" data-widget_type=\"text-editor.default\">\n\t\t\t\t<div class=\"elementor-widget-container\">\n\t\t\t\t\t\t\t\t\t<p>Deoarece bu\u0219tenii sunt transporta\u021bi aerian, transportul cu funiculare evit\u0103:<\/p><ul><li>piste de derapaj<\/li><li>Bodenerosion<\/li><li>compactarea cauzat\u0103 de utilaje grele<\/li><\/ul><p>Acest lucru sus\u021bine direct gestionarea bl\u00e2nd\u0103 \u0219i protectoare a solului a p\u0103durilor, recomandat\u0103 de WSL pentru protejarea p\u0103durilor \u0219i a regiunilor montane sensibile.<\/p>\t\t\t\t\t\t\t\t<\/div>\n\t\t\t\t<\/div>\n\t\t\t\t<div class=\"elementor-element elementor-element-fdd6bb4 elementor-widget elementor-widget-heading\" data-id=\"fdd6bb4\" data-element_type=\"widget\" data-e-type=\"widget\" data-widget_type=\"heading.default\">\n\t\t\t\t<div class=\"elementor-widget-container\">\n\t\t\t\t\t<h4 class=\"elementor-heading-title elementor-size-default\">Men\u021binerea func\u021biilor de protec\u021bie a p\u0103durilor<\/h4>\t\t\t\t<\/div>\n\t\t\t\t<\/div>\n\t\t\t\t<div class=\"elementor-element elementor-element-49d0a69 elementor-widget elementor-widget-text-editor\" data-id=\"49d0a69\" data-element_type=\"widget\" data-e-type=\"widget\" data-widget_type=\"text-editor.default\">\n\t\t\t\t<div class=\"elementor-widget-container\">\n\t\t\t\t\t\t\t\t\t<p><span data-teams=\"true\">\u00cen p\u0103durile de protec\u021bie, precizia \u0219i perturb\u0103rile reduse sunt cruciale. Instala\u021biile cu cabluri Wyssen permit: <\/span><\/p><ul><li>interven\u021bii selective \u0219i specifice<\/li><li>protejarea regener\u0103rii tinere<\/li><li>conservarea structurii arboretului<\/li><li>continuarea func\u021biei de protec\u021bie complet\u0103 a p\u0103durii<\/li><\/ul>\t\t\t\t\t\t\t\t<\/div>\n\t\t\t\t<\/div>\n\t\t\t\t<div class=\"elementor-element elementor-element-6583121 elementor-widget elementor-widget-heading\" data-id=\"6583121\" data-element_type=\"widget\" data-e-type=\"widget\" data-widget_type=\"heading.default\">\n\t\t\t\t<div class=\"elementor-widget-container\">\n\t\t\t\t\t<h4 class=\"elementor-heading-title elementor-size-default\">Eficient \u00een terenuri extreme<\/h4>\t\t\t\t<\/div>\n\t\t\t\t<\/div>\n\t\t\t\t<div class=\"elementor-element elementor-element-8fdc685 elementor-widget elementor-widget-text-editor\" data-id=\"8fdc685\" data-element_type=\"widget\" data-e-type=\"widget\" data-widget_type=\"text-editor.default\">\n\t\t\t\t<div class=\"elementor-widget-container\">\n\t\t\t\t\t\t\t\t\t<p><span data-teams=\"true\">WSL eviden\u021biaz\u0103 dificultatea gestion\u0103rii p\u0103durilor montane din cauza pantelor abrupte, a p\u0103\u0219unatului \u0219i a distan\u021belor lungi de transport. Funicularele dep\u0103\u0219esc aceste provoc\u0103ri prin: <\/span><\/p><ul><li>acoperirea unor distan\u021be de sute de metri (pana la 2000m)<\/li><li>operarea pe pante de peste 100%<\/li><li>transportul \u00een siguran\u021b\u0103 \u0219i eficient al lemnului \u0219i materialelor<\/li><\/ul>\t\t\t\t\t\t\t\t<\/div>\n\t\t\t\t<\/div>\n\t\t\t\t<div class=\"elementor-element elementor-element-2f465a7 elementor-widget elementor-widget-heading\" data-id=\"2f465a7\" data-element_type=\"widget\" data-e-type=\"widget\" data-widget_type=\"heading.default\">\n\t\t\t\t<div class=\"elementor-widget-container\">\n\t\t\t\t\t<h4 class=\"elementor-heading-title elementor-size-default\">Durabil, Eficient, Sigur pentru Viitor<\/h4>\t\t\t\t<\/div>\n\t\t\t\t<\/div>\n\t\t\t\t<div class=\"elementor-element elementor-element-7442909 elementor-widget elementor-widget-text-editor\" data-id=\"7442909\" data-element_type=\"widget\" data-e-type=\"widget\" data-widget_type=\"text-editor.default\">\n\t\t\t\t<div class=\"elementor-widget-container\">\n\t\t\t\t\t\t\t\t\t<p><span data-teams=\"true\">Cu funicularele Wyssen:<\/span><\/p><ul><li>gestionarea p\u0103durilor r\u0103m\u00e2ne fezabil\u0103 pe termen lung<\/li><li>p\u0103durile sunt stabilizate pentru genera\u021biile viitoare<\/li><li>riscurile legate de clim\u0103 sunt reduse<\/li><li>regenerarea natural\u0103 este protejat\u0103<\/li><li>echilibrul ecologic din p\u0103durile montane este consolidat<\/li><\/ul>\t\t\t\t\t\t\t\t<\/div>\n\t\t\t\t<\/div>\n\t\t\t\t<div class=\"elementor-element elementor-element-55f75a0 elementor-widget elementor-widget-text-editor\" data-id=\"55f75a0\" data-element_type=\"widget\" data-e-type=\"widget\" data-widget_type=\"text-editor.default\">\n\t\t\t\t<div class=\"elementor-widget-container\">\n\t\t\t\t\t\t\t\t\t<p><span data-teams=\"true\">Aceste rezultate sus\u021bin direct obiectivul WSL de a dezvolta p\u0103duri rezistente, bogate din punct de vedere structural \u0219i stabile din punct de vedere climatic.<\/span><\/p>\t\t\t\t\t\t\t\t<\/div>\n\t\t\t\t<\/div>\n\t\t\t\t<div class=\"elementor-element elementor-element-f845a0a elementor-widget elementor-widget-spacer\" data-id=\"f845a0a\" data-element_type=\"widget\" data-e-type=\"widget\" data-widget_type=\"spacer.default\">\n\t\t\t\t<div class=\"elementor-widget-container\">\n\t\t\t\t\t\t\t<div class=\"elementor-spacer\">\n\t\t\t<div class=\"elementor-spacer-inner\"><\/div>\n\t\t<\/div>\n\t\t\t\t\t\t<\/div>\n\t\t\t\t<\/div>\n\t\t\t\t\t<\/div>\n\t\t<\/div>\n\t\t\t\t\t<\/div>\n\t\t<\/section>\n\t\t\t\t<div class=\"elementor-element elementor-element-2b1dc49f elementor-widget elementor-widget-spacer\" data-id=\"2b1dc49f\" data-element_type=\"widget\" data-e-type=\"widget\" data-widget_type=\"spacer.default\">\n\t\t\t\t<div class=\"elementor-widget-container\">\n\t\t\t\t\t\t\t<div class=\"elementor-spacer\">\n\t\t\t<div class=\"elementor-spacer-inner\"><\/div>\n\t\t<\/div>\n\t\t\t\t\t\t<\/div>\n\t\t\t\t<\/div>\n\t\t\t\t\t<\/div>\n\t\t<\/div>\n\t\t\t\t\t<\/div>\n\t\t<\/section>\n\t\t\t\t<section class=\"elementor-section elementor-top-section elementor-element elementor-element-af566ed elementor-section-stretched elementor-section-boxed elementor-section-height-default elementor-section-height-default\" data-id=\"af566ed\" data-element_type=\"section\" data-e-type=\"section\" data-settings=\"{&quot;stretch_section&quot;:&quot;section-stretched&quot;,&quot;background_background&quot;:&quot;classic&quot;}\">\n\t\t\t\t\t\t<div class=\"elementor-container elementor-column-gap-default\">\n\t\t\t\t\t<div class=\"elementor-column elementor-col-50 elementor-top-column elementor-element elementor-element-306450c\" data-id=\"306450c\" data-element_type=\"column\" data-e-type=\"column\">\n\t\t\t<div class=\"elementor-widget-wrap elementor-element-populated\">\n\t\t\t\t\t\t<div class=\"elementor-element elementor-element-c89cc65 elementor-widget elementor-widget-spacer\" data-id=\"c89cc65\" data-element_type=\"widget\" data-e-type=\"widget\" data-widget_type=\"spacer.default\">\n\t\t\t\t<div class=\"elementor-widget-container\">\n\t\t\t\t\t\t\t<div class=\"elementor-spacer\">\n\t\t\t<div class=\"elementor-spacer-inner\"><\/div>\n\t\t<\/div>\n\t\t\t\t\t\t<\/div>\n\t\t\t\t<\/div>\n\t\t\t\t<div class=\"elementor-element elementor-element-cb30e99 elementor-widget elementor-widget-heading\" data-id=\"cb30e99\" data-element_type=\"widget\" data-e-type=\"widget\" data-widget_type=\"heading.default\">\n\t\t\t\t<div class=\"elementor-widget-container\">\n\t\t\t\t\t<h3 class=\"elementor-heading-title elementor-size-default\">4. Concluzie pentru proprietarii de p\u0103duri, servicii de management forestier \u0219i autorit\u0103\u021bi<\/h3>\t\t\t\t<\/div>\n\t\t\t\t<\/div>\n\t\t\t\t<div class=\"elementor-element elementor-element-495b00d elementor-widget elementor-widget-text-editor\" data-id=\"495b00d\" data-element_type=\"widget\" data-e-type=\"widget\" data-widget_type=\"text-editor.default\">\n\t\t\t\t<div class=\"elementor-widget-container\">\n\t\t\t\t\t\t\t\t\t<p>Constat\u0103rile \u0219tiin\u021bifice sunt clare:<\/p><p><strong>Doar o gestionare activ\u0103, atent\u0103 \u0219i care protejeaz\u0103 solul va crea p\u0103duri care vor r\u0103m\u00e2ne stabile, vitale \u0219i rezistente peste 100 de ani<\/strong><\/p><p>Funicularele Wyssen:<\/p><ul><li>permit lucr\u0103ri forestiere durabile \u00een cele mai dificile terenuri<\/li><li>protejeaz\u0103 solul, regenerarea \u0219i biodiversitatea<\/li><li>salvgardeaz\u0103 func\u021biile de protec\u021bie ale p\u0103durilor montane<\/li><li>se aliniaz\u0103 cu cele mai recente recomand\u0103ri \u0219tiin\u021bifice de la WSL<\/li><\/ul><p><span data-teams=\"true\"><strong>Acestea sunt o tehnologie cheie pentru viitorul gestion\u0103rii p\u0103durilor montane.<\/strong><\/span><\/p>\t\t\t\t\t\t\t\t<\/div>\n\t\t\t\t<\/div>\n\t\t\t\t<div class=\"elementor-element elementor-element-8233e2a elementor-widget elementor-widget-spacer\" data-id=\"8233e2a\" data-element_type=\"widget\" data-e-type=\"widget\" data-widget_type=\"spacer.default\">\n\t\t\t\t<div class=\"elementor-widget-container\">\n\t\t\t\t\t\t\t<div class=\"elementor-spacer\">\n\t\t\t<div class=\"elementor-spacer-inner\"><\/div>\n\t\t<\/div>\n\t\t\t\t\t\t<\/div>\n\t\t\t\t<\/div>\n\t\t\t\t\t<\/div>\n\t\t<\/div>\n\t\t\t\t<div class=\"elementor-column elementor-col-50 elementor-top-column elementor-element elementor-element-c503889\" data-id=\"c503889\" data-element_type=\"column\" data-e-type=\"column\" data-settings=\"{&quot;background_background&quot;:&quot;classic&quot;}\">\n\t\t\t<div class=\"elementor-widget-wrap elementor-element-populated\">\n\t\t\t\t\t\t<div class=\"elementor-element elementor-element-60830c8 elementor-widget elementor-widget-spacer\" data-id=\"60830c8\" data-element_type=\"widget\" data-e-type=\"widget\" data-widget_type=\"spacer.default\">\n\t\t\t\t<div class=\"elementor-widget-container\">\n\t\t\t\t\t\t\t<div class=\"elementor-spacer\">\n\t\t\t<div class=\"elementor-spacer-inner\"><\/div>\n\t\t<\/div>\n\t\t\t\t\t\t<\/div>\n\t\t\t\t<\/div>\n\t\t\t\t<section class=\"elementor-section elementor-inner-section elementor-element elementor-element-1092ab7 elementor-section-boxed elementor-section-height-default elementor-section-height-default\" data-id=\"1092ab7\" data-element_type=\"section\" data-e-type=\"section\">\n\t\t\t\t\t\t<div class=\"elementor-container elementor-column-gap-default\">\n\t\t\t\t\t<div class=\"elementor-column elementor-col-100 elementor-inner-column elementor-element elementor-element-6467244\" data-id=\"6467244\" data-element_type=\"column\" data-e-type=\"column\">\n\t\t\t<div class=\"elementor-widget-wrap elementor-element-populated\">\n\t\t\t\t\t\t<div class=\"elementor-element elementor-element-49b9d1e elementor-widget elementor-widget-image\" data-id=\"49b9d1e\" data-element_type=\"widget\" data-e-type=\"widget\" data-widget_type=\"image.default\">\n\t\t\t\t<div class=\"elementor-widget-container\">\n\t\t\t\t\t\t\t\t\t\t\t\t\t\t\t<img loading=\"lazy\" decoding=\"async\" width=\"1024\" height=\"853\" src=\"https:\/\/www.wyssenseilbahnen.com\/wp-content\/uploads\/2026\/03\/nachhaltigkeit_4_wsl_hoch-1024x853.jpg\" class=\"attachment-large size-large wp-image-40647\" alt=\"\" srcset=\"https:\/\/www.wyssenseilbahnen.com\/wp-content\/uploads\/2026\/03\/nachhaltigkeit_4_wsl_hoch-1024x853.jpg 1024w, https:\/\/www.wyssenseilbahnen.com\/wp-content\/uploads\/2026\/03\/nachhaltigkeit_4_wsl_hoch-300x250.jpg 300w, https:\/\/www.wyssenseilbahnen.com\/wp-content\/uploads\/2026\/03\/nachhaltigkeit_4_wsl_hoch-768x640.jpg 768w, https:\/\/www.wyssenseilbahnen.com\/wp-content\/uploads\/2026\/03\/nachhaltigkeit_4_wsl_hoch-1536x1280.jpg 1536w, https:\/\/www.wyssenseilbahnen.com\/wp-content\/uploads\/2026\/03\/nachhaltigkeit_4_wsl_hoch.jpg 1920w\" sizes=\"(max-width: 1024px) 100vw, 1024px\" \/>\t\t\t\t\t\t\t\t\t\t\t\t\t\t\t<\/div>\n\t\t\t\t<\/div>\n\t\t\t\t\t<\/div>\n\t\t<\/div>\n\t\t\t\t\t<\/div>\n\t\t<\/section>\n\t\t\t\t<div class=\"elementor-element elementor-element-b1f6e58 elementor-widget elementor-widget-spacer\" data-id=\"b1f6e58\" data-element_type=\"widget\" data-e-type=\"widget\" data-widget_type=\"spacer.default\">\n\t\t\t\t<div class=\"elementor-widget-container\">\n\t\t\t\t\t\t\t<div class=\"elementor-spacer\">\n\t\t\t<div class=\"elementor-spacer-inner\"><\/div>\n\t\t<\/div>\n\t\t\t\t\t\t<\/div>\n\t\t\t\t<\/div>\n\t\t\t\t<div class=\"elementor-element elementor-element-41367ec elementor-widget elementor-widget-spacer\" data-id=\"41367ec\" data-element_type=\"widget\" data-e-type=\"widget\" data-widget_type=\"spacer.default\">\n\t\t\t\t<div class=\"elementor-widget-container\">\n\t\t\t\t\t\t\t<div class=\"elementor-spacer\">\n\t\t\t<div class=\"elementor-spacer-inner\"><\/div>\n\t\t<\/div>\n\t\t\t\t\t\t<\/div>\n\t\t\t\t<\/div>\n\t\t\t\t\t<\/div>\n\t\t<\/div>\n\t\t\t\t\t<\/div>\n\t\t<\/section>\n\t\t\t\t<\/div>\n\t\t","protected":false},"excerpt":{"rendered":"<p>Schimb\u0103rile climatice pun din ce \u00een ce mai mult\u0103 presiune asupra p\u0103durilor elve\u021biene. Gestionarea activ\u0103 \u0219i ecologic\u0103 a p\u0103durilor este esen\u021bial\u0103 pentru men\u021binerea stabilit\u0103\u021bii acestora. Macaralele cu cablu Wyssen permit lucr\u0103ri forestiere durabile, \u00een special \u00een p\u0103durile montane abrupte.   [\u2026]<\/p>\n","protected":false},"author":2,"featured_media":40635,"comment_status":"open","ping_status":"open","sticky":false,"template":"","format":"standard","meta":{"site-sidebar-layout":"default","site-content-layout":null,"ast-site-content-layout":"default","site-content-style":"default","site-sidebar-style":"default","ast-global-header-display":"","ast-banner-title-visibility":"","ast-main-header-display":"","ast-hfb-above-header-display":"","ast-hfb-below-header-display":null,"ast-hfb-mobile-header-display":"","site-post-title":"","ast-breadcrumbs-content":null,"ast-featured-img":"","footer-sml-layout":"","theme-transparent-header-meta":"","adv-header-id-meta":"","stick-header-meta":"","header-above-stick-meta":"","header-main-stick-meta":"","header-below-stick-meta":null,"astra-migrate-meta-layouts":"default","ast-page-background-enabled":"default","ast-page-background-meta":{"desktop":{"background-color":"var(--ast-global-color-4)","background-image":"","background-repeat":"repeat","background-position":"center center","background-size":"auto","background-attachment":"scroll","background-type":"","background-media":"","overlay-type":"","overlay-color":"","overlay-opacity":"","overlay-gradient":""},"tablet":{"background-color":"","background-image":"","background-repeat":"repeat","background-position":"center center","background-size":"auto","background-attachment":"scroll","background-type":"","background-media":"","overlay-type":"","overlay-color":"","overlay-opacity":"","overlay-gradient":""},"mobile":{"background-color":"","background-image":"","background-repeat":"repeat","background-position":"center center","background-size":"auto","background-attachment":"scroll","background-type":"","background-media":"","overlay-type":"","overlay-color":"","overlay-opacity":"","overlay-gradient":""}},"ast-content-background-meta":{"desktop":{"background-color":"var(--ast-global-color-5)","background-image":"","background-repeat":"repeat","background-position":"center center","background-size":"auto","background-attachment":"scroll","background-type":"","background-media":"","overlay-type":"","overlay-color":"","overlay-opacity":"","overlay-gradient":""},"tablet":{"background-color":"var(--ast-global-color-5)","background-image":"","background-repeat":"repeat","background-position":"center center","background-size":"auto","background-attachment":"scroll","background-type":"","background-media":"","overlay-type":"","overlay-color":"","overlay-opacity":"","overlay-gradient":""},"mobile":{"background-color":"var(--ast-global-color-5)","background-image":"","background-repeat":"repeat","background-position":"center center","background-size":"auto","background-attachment":"scroll","background-type":"","background-media":"","overlay-type":"","overlay-color":"","overlay-opacity":"","overlay-gradient":""}},"footnotes":""},"categories":[50],"tags":[],"class_list":["post-40616","post","type-post","status-publish","format-standard","has-post-thumbnail","hentry","category-news-ro"],"yoast_head":"<!-- This site is optimized with the Yoast SEO plugin v27.3 - https:\/\/yoast.com\/product\/yoast-seo-wordpress\/ -->\n<title>Funicularul Wyssen \u2013 Tehnologie cheie pentru o p\u0103dure de protec\u021bie rezistent\u0103 \u00een viitor &#8226; Wyssen Seilbahnen AG<\/title>\n<meta name=\"description\" content=\"Schimb\u0103rile climatice afecteaz\u0103 p\u0103durile elve\u021biene. Macaralele cu cablu Wyssen permit o exploatare durabil\u0103 \u00een p\u0103durile montane abrupte. [...]\" \/>\n<meta name=\"robots\" content=\"index, follow, max-snippet:-1, max-image-preview:large, max-video-preview:-1\" \/>\n<link rel=\"canonical\" href=\"https:\/\/www.wyssenseilbahnen.com\/ro\/funicularul-wyssen-tehnologie-cheie-pentru-o-padure-de-protectie-rezistenta-in-viitor\/\" \/>\n<meta property=\"og:locale\" content=\"ro_RO\" \/>\n<meta property=\"og:type\" content=\"article\" \/>\n<meta property=\"og:title\" content=\"Funicularul Wyssen \u2013 Tehnologie cheie pentru o p\u0103dure de protec\u021bie rezistent\u0103 \u00een viitor &#8226; Wyssen Seilbahnen AG\" \/>\n<meta property=\"og:description\" content=\"Schimb\u0103rile climatice afecteaz\u0103 p\u0103durile elve\u021biene. Macaralele cu cablu Wyssen permit o exploatare durabil\u0103 \u00een p\u0103durile montane abrupte. [...]\" \/>\n<meta property=\"og:url\" content=\"https:\/\/www.wyssenseilbahnen.com\/ro\/funicularul-wyssen-tehnologie-cheie-pentru-o-padure-de-protectie-rezistenta-in-viitor\/\" \/>\n<meta property=\"og:site_name\" content=\"Wyssen Seilbahnen AG\" \/>\n<meta property=\"article:publisher\" content=\"https:\/\/www.facebook.com\/wyssenseilbahnen\" \/>\n<meta property=\"article:published_time\" content=\"2026-03-11T09:24:31+00:00\" \/>\n<meta property=\"article:modified_time\" content=\"2026-03-11T13:53:08+00:00\" \/>\n<meta property=\"og:image\" content=\"https:\/\/www.wyssenseilbahnen.com\/wp-content\/uploads\/2026\/03\/nachhaltigkeit_1_wsl.jpg\" \/>\n\t<meta property=\"og:image:width\" content=\"1920\" \/>\n\t<meta property=\"og:image:height\" content=\"1440\" \/>\n\t<meta property=\"og:image:type\" content=\"image\/jpeg\" \/>\n<meta name=\"author\" content=\"Nicole Schmid\" \/>\n<meta name=\"twitter:card\" content=\"summary_large_image\" \/>\n<meta name=\"twitter:label1\" content=\"Scris de\" \/>\n\t<meta name=\"twitter:data1\" content=\"Nicole Schmid\" \/>\n\t<meta name=\"twitter:label2\" content=\"Timp estimat pentru citire\" \/>\n\t<meta name=\"twitter:data2\" content=\"5 minute\" \/>\n<script type=\"application\/ld+json\" class=\"yoast-schema-graph\">{\"@context\":\"https:\\\/\\\/schema.org\",\"@graph\":[{\"@type\":\"Article\",\"@id\":\"https:\\\/\\\/www.wyssenseilbahnen.com\\\/ro\\\/funicularul-wyssen-tehnologie-cheie-pentru-o-padure-de-protectie-rezistenta-in-viitor\\\/#article\",\"isPartOf\":{\"@id\":\"https:\\\/\\\/www.wyssenseilbahnen.com\\\/ro\\\/funicularul-wyssen-tehnologie-cheie-pentru-o-padure-de-protectie-rezistenta-in-viitor\\\/\"},\"author\":{\"name\":\"Nicole Schmid\",\"@id\":\"https:\\\/\\\/www.wyssenseilbahnen.com\\\/ro\\\/#\\\/schema\\\/person\\\/622ab90dc28af580be1df9290c93ad73\"},\"headline\":\"Funicularul Wyssen \u2013 Tehnologie cheie pentru o p\u0103dure de protec\u021bie rezistent\u0103 \u00een viitor\",\"datePublished\":\"2026-03-11T09:24:31+00:00\",\"dateModified\":\"2026-03-11T13:53:08+00:00\",\"mainEntityOfPage\":{\"@id\":\"https:\\\/\\\/www.wyssenseilbahnen.com\\\/ro\\\/funicularul-wyssen-tehnologie-cheie-pentru-o-padure-de-protectie-rezistenta-in-viitor\\\/\"},\"wordCount\":759,\"commentCount\":0,\"publisher\":{\"@id\":\"https:\\\/\\\/www.wyssenseilbahnen.com\\\/ro\\\/#organization\"},\"image\":{\"@id\":\"https:\\\/\\\/www.wyssenseilbahnen.com\\\/ro\\\/funicularul-wyssen-tehnologie-cheie-pentru-o-padure-de-protectie-rezistenta-in-viitor\\\/#primaryimage\"},\"thumbnailUrl\":\"https:\\\/\\\/www.wyssenseilbahnen.com\\\/wp-content\\\/uploads\\\/2026\\\/03\\\/nachhaltigkeit_1_wsl.jpg\",\"articleSection\":[\"News\"],\"inLanguage\":\"ro-RO\",\"potentialAction\":[{\"@type\":\"CommentAction\",\"name\":\"Comment\",\"target\":[\"https:\\\/\\\/www.wyssenseilbahnen.com\\\/ro\\\/funicularul-wyssen-tehnologie-cheie-pentru-o-padure-de-protectie-rezistenta-in-viitor\\\/#respond\"]}]},{\"@type\":\"WebPage\",\"@id\":\"https:\\\/\\\/www.wyssenseilbahnen.com\\\/ro\\\/funicularul-wyssen-tehnologie-cheie-pentru-o-padure-de-protectie-rezistenta-in-viitor\\\/\",\"url\":\"https:\\\/\\\/www.wyssenseilbahnen.com\\\/ro\\\/funicularul-wyssen-tehnologie-cheie-pentru-o-padure-de-protectie-rezistenta-in-viitor\\\/\",\"name\":\"Funicularul Wyssen \u2013 Tehnologie cheie pentru o p\u0103dure de protec\u021bie rezistent\u0103 \u00een viitor &#8226; Wyssen Seilbahnen AG\",\"isPartOf\":{\"@id\":\"https:\\\/\\\/www.wyssenseilbahnen.com\\\/ro\\\/#website\"},\"primaryImageOfPage\":{\"@id\":\"https:\\\/\\\/www.wyssenseilbahnen.com\\\/ro\\\/funicularul-wyssen-tehnologie-cheie-pentru-o-padure-de-protectie-rezistenta-in-viitor\\\/#primaryimage\"},\"image\":{\"@id\":\"https:\\\/\\\/www.wyssenseilbahnen.com\\\/ro\\\/funicularul-wyssen-tehnologie-cheie-pentru-o-padure-de-protectie-rezistenta-in-viitor\\\/#primaryimage\"},\"thumbnailUrl\":\"https:\\\/\\\/www.wyssenseilbahnen.com\\\/wp-content\\\/uploads\\\/2026\\\/03\\\/nachhaltigkeit_1_wsl.jpg\",\"datePublished\":\"2026-03-11T09:24:31+00:00\",\"dateModified\":\"2026-03-11T13:53:08+00:00\",\"description\":\"Schimb\u0103rile climatice afecteaz\u0103 p\u0103durile elve\u021biene. Macaralele cu cablu Wyssen permit o exploatare durabil\u0103 \u00een p\u0103durile montane abrupte. [...]\",\"breadcrumb\":{\"@id\":\"https:\\\/\\\/www.wyssenseilbahnen.com\\\/ro\\\/funicularul-wyssen-tehnologie-cheie-pentru-o-padure-de-protectie-rezistenta-in-viitor\\\/#breadcrumb\"},\"inLanguage\":\"ro-RO\",\"potentialAction\":[{\"@type\":\"ReadAction\",\"target\":[\"https:\\\/\\\/www.wyssenseilbahnen.com\\\/ro\\\/funicularul-wyssen-tehnologie-cheie-pentru-o-padure-de-protectie-rezistenta-in-viitor\\\/\"]}]},{\"@type\":\"ImageObject\",\"inLanguage\":\"ro-RO\",\"@id\":\"https:\\\/\\\/www.wyssenseilbahnen.com\\\/ro\\\/funicularul-wyssen-tehnologie-cheie-pentru-o-padure-de-protectie-rezistenta-in-viitor\\\/#primaryimage\",\"url\":\"https:\\\/\\\/www.wyssenseilbahnen.com\\\/wp-content\\\/uploads\\\/2026\\\/03\\\/nachhaltigkeit_1_wsl.jpg\",\"contentUrl\":\"https:\\\/\\\/www.wyssenseilbahnen.com\\\/wp-content\\\/uploads\\\/2026\\\/03\\\/nachhaltigkeit_1_wsl.jpg\",\"width\":1920,\"height\":1440},{\"@type\":\"BreadcrumbList\",\"@id\":\"https:\\\/\\\/www.wyssenseilbahnen.com\\\/ro\\\/funicularul-wyssen-tehnologie-cheie-pentru-o-padure-de-protectie-rezistenta-in-viitor\\\/#breadcrumb\",\"itemListElement\":[{\"@type\":\"ListItem\",\"position\":1,\"name\":\"Startseite\",\"item\":\"https:\\\/\\\/www.wyssenseilbahnen.com\\\/ro\\\/wyssen-seilbahnen-ag\\\/\"},{\"@type\":\"ListItem\",\"position\":2,\"name\":\"Funicularul Wyssen \u2013 Tehnologie cheie pentru o p\u0103dure de protec\u021bie rezistent\u0103 \u00een viitor\"}]},{\"@type\":\"WebSite\",\"@id\":\"https:\\\/\\\/www.wyssenseilbahnen.com\\\/ro\\\/#website\",\"url\":\"https:\\\/\\\/www.wyssenseilbahnen.com\\\/ro\\\/\",\"name\":\"Wyssen Seilbahnen AG\",\"description\":\"Materialtransport in anspruchsvollem Gel\u00e4nde\",\"publisher\":{\"@id\":\"https:\\\/\\\/www.wyssenseilbahnen.com\\\/ro\\\/#organization\"},\"potentialAction\":[{\"@type\":\"SearchAction\",\"target\":{\"@type\":\"EntryPoint\",\"urlTemplate\":\"https:\\\/\\\/www.wyssenseilbahnen.com\\\/ro\\\/?s={search_term_string}\"},\"query-input\":{\"@type\":\"PropertyValueSpecification\",\"valueRequired\":true,\"valueName\":\"search_term_string\"}}],\"inLanguage\":\"ro-RO\"},{\"@type\":\"Organization\",\"@id\":\"https:\\\/\\\/www.wyssenseilbahnen.com\\\/ro\\\/#organization\",\"name\":\"Wyssen Seilbahnen AG\",\"url\":\"https:\\\/\\\/www.wyssenseilbahnen.com\\\/ro\\\/\",\"logo\":{\"@type\":\"ImageObject\",\"inLanguage\":\"ro-RO\",\"@id\":\"https:\\\/\\\/www.wyssenseilbahnen.com\\\/ro\\\/#\\\/schema\\\/logo\\\/image\\\/\",\"url\":\"https:\\\/\\\/www.wyssenseilbahnen.com\\\/wp-content\\\/uploads\\\/2023\\\/08\\\/cropped-wyssen_sb_4c.png\",\"contentUrl\":\"https:\\\/\\\/www.wyssenseilbahnen.com\\\/wp-content\\\/uploads\\\/2023\\\/08\\\/cropped-wyssen_sb_4c.png\",\"width\":1040,\"height\":155,\"caption\":\"Wyssen Seilbahnen AG\"},\"image\":{\"@id\":\"https:\\\/\\\/www.wyssenseilbahnen.com\\\/ro\\\/#\\\/schema\\\/logo\\\/image\\\/\"},\"sameAs\":[\"https:\\\/\\\/www.facebook.com\\\/wyssenseilbahnen\"]},{\"@type\":\"Person\",\"@id\":\"https:\\\/\\\/www.wyssenseilbahnen.com\\\/ro\\\/#\\\/schema\\\/person\\\/622ab90dc28af580be1df9290c93ad73\",\"name\":\"Nicole Schmid\",\"image\":{\"@type\":\"ImageObject\",\"inLanguage\":\"ro-RO\",\"@id\":\"https:\\\/\\\/secure.gravatar.com\\\/avatar\\\/18b0862fd949ab4e8c6bdd1447bc885b83696a8e9f22e8f0e00018ca7cec2302?s=96&d=mm&r=g\",\"url\":\"https:\\\/\\\/secure.gravatar.com\\\/avatar\\\/18b0862fd949ab4e8c6bdd1447bc885b83696a8e9f22e8f0e00018ca7cec2302?s=96&d=mm&r=g\",\"contentUrl\":\"https:\\\/\\\/secure.gravatar.com\\\/avatar\\\/18b0862fd949ab4e8c6bdd1447bc885b83696a8e9f22e8f0e00018ca7cec2302?s=96&d=mm&r=g\",\"caption\":\"Nicole Schmid\"},\"url\":\"https:\\\/\\\/www.wyssenseilbahnen.com\\\/ro\\\/author\\\/nicole-schmid\\\/\"}]}<\/script>\n<!-- \/ Yoast SEO plugin. -->","yoast_head_json":{"title":"Funicularul Wyssen \u2013 Tehnologie cheie pentru o p\u0103dure de protec\u021bie rezistent\u0103 \u00een viitor &#8226; Wyssen Seilbahnen AG","description":"Schimb\u0103rile climatice afecteaz\u0103 p\u0103durile elve\u021biene. Macaralele cu cablu Wyssen permit o exploatare durabil\u0103 \u00een p\u0103durile montane abrupte. [...]","robots":{"index":"index","follow":"follow","max-snippet":"max-snippet:-1","max-image-preview":"max-image-preview:large","max-video-preview":"max-video-preview:-1"},"canonical":"https:\/\/www.wyssenseilbahnen.com\/ro\/funicularul-wyssen-tehnologie-cheie-pentru-o-padure-de-protectie-rezistenta-in-viitor\/","og_locale":"ro_RO","og_type":"article","og_title":"Funicularul Wyssen \u2013 Tehnologie cheie pentru o p\u0103dure de protec\u021bie rezistent\u0103 \u00een viitor &#8226; Wyssen Seilbahnen AG","og_description":"Schimb\u0103rile climatice afecteaz\u0103 p\u0103durile elve\u021biene. Macaralele cu cablu Wyssen permit o exploatare durabil\u0103 \u00een p\u0103durile montane abrupte. [...]","og_url":"https:\/\/www.wyssenseilbahnen.com\/ro\/funicularul-wyssen-tehnologie-cheie-pentru-o-padure-de-protectie-rezistenta-in-viitor\/","og_site_name":"Wyssen Seilbahnen AG","article_publisher":"https:\/\/www.facebook.com\/wyssenseilbahnen","article_published_time":"2026-03-11T09:24:31+00:00","article_modified_time":"2026-03-11T13:53:08+00:00","og_image":[{"width":1920,"height":1440,"url":"https:\/\/www.wyssenseilbahnen.com\/wp-content\/uploads\/2026\/03\/nachhaltigkeit_1_wsl.jpg","type":"image\/jpeg"}],"author":"Nicole Schmid","twitter_card":"summary_large_image","twitter_misc":{"Scris de":"Nicole Schmid","Timp estimat pentru citire":"5 minute"},"schema":{"@context":"https:\/\/schema.org","@graph":[{"@type":"Article","@id":"https:\/\/www.wyssenseilbahnen.com\/ro\/funicularul-wyssen-tehnologie-cheie-pentru-o-padure-de-protectie-rezistenta-in-viitor\/#article","isPartOf":{"@id":"https:\/\/www.wyssenseilbahnen.com\/ro\/funicularul-wyssen-tehnologie-cheie-pentru-o-padure-de-protectie-rezistenta-in-viitor\/"},"author":{"name":"Nicole Schmid","@id":"https:\/\/www.wyssenseilbahnen.com\/ro\/#\/schema\/person\/622ab90dc28af580be1df9290c93ad73"},"headline":"Funicularul Wyssen \u2013 Tehnologie cheie pentru o p\u0103dure de protec\u021bie rezistent\u0103 \u00een viitor","datePublished":"2026-03-11T09:24:31+00:00","dateModified":"2026-03-11T13:53:08+00:00","mainEntityOfPage":{"@id":"https:\/\/www.wyssenseilbahnen.com\/ro\/funicularul-wyssen-tehnologie-cheie-pentru-o-padure-de-protectie-rezistenta-in-viitor\/"},"wordCount":759,"commentCount":0,"publisher":{"@id":"https:\/\/www.wyssenseilbahnen.com\/ro\/#organization"},"image":{"@id":"https:\/\/www.wyssenseilbahnen.com\/ro\/funicularul-wyssen-tehnologie-cheie-pentru-o-padure-de-protectie-rezistenta-in-viitor\/#primaryimage"},"thumbnailUrl":"https:\/\/www.wyssenseilbahnen.com\/wp-content\/uploads\/2026\/03\/nachhaltigkeit_1_wsl.jpg","articleSection":["News"],"inLanguage":"ro-RO","potentialAction":[{"@type":"CommentAction","name":"Comment","target":["https:\/\/www.wyssenseilbahnen.com\/ro\/funicularul-wyssen-tehnologie-cheie-pentru-o-padure-de-protectie-rezistenta-in-viitor\/#respond"]}]},{"@type":"WebPage","@id":"https:\/\/www.wyssenseilbahnen.com\/ro\/funicularul-wyssen-tehnologie-cheie-pentru-o-padure-de-protectie-rezistenta-in-viitor\/","url":"https:\/\/www.wyssenseilbahnen.com\/ro\/funicularul-wyssen-tehnologie-cheie-pentru-o-padure-de-protectie-rezistenta-in-viitor\/","name":"Funicularul Wyssen \u2013 Tehnologie cheie pentru o p\u0103dure de protec\u021bie rezistent\u0103 \u00een viitor &#8226; Wyssen Seilbahnen AG","isPartOf":{"@id":"https:\/\/www.wyssenseilbahnen.com\/ro\/#website"},"primaryImageOfPage":{"@id":"https:\/\/www.wyssenseilbahnen.com\/ro\/funicularul-wyssen-tehnologie-cheie-pentru-o-padure-de-protectie-rezistenta-in-viitor\/#primaryimage"},"image":{"@id":"https:\/\/www.wyssenseilbahnen.com\/ro\/funicularul-wyssen-tehnologie-cheie-pentru-o-padure-de-protectie-rezistenta-in-viitor\/#primaryimage"},"thumbnailUrl":"https:\/\/www.wyssenseilbahnen.com\/wp-content\/uploads\/2026\/03\/nachhaltigkeit_1_wsl.jpg","datePublished":"2026-03-11T09:24:31+00:00","dateModified":"2026-03-11T13:53:08+00:00","description":"Schimb\u0103rile climatice afecteaz\u0103 p\u0103durile elve\u021biene. Macaralele cu cablu Wyssen permit o exploatare durabil\u0103 \u00een p\u0103durile montane abrupte. [...]","breadcrumb":{"@id":"https:\/\/www.wyssenseilbahnen.com\/ro\/funicularul-wyssen-tehnologie-cheie-pentru-o-padure-de-protectie-rezistenta-in-viitor\/#breadcrumb"},"inLanguage":"ro-RO","potentialAction":[{"@type":"ReadAction","target":["https:\/\/www.wyssenseilbahnen.com\/ro\/funicularul-wyssen-tehnologie-cheie-pentru-o-padure-de-protectie-rezistenta-in-viitor\/"]}]},{"@type":"ImageObject","inLanguage":"ro-RO","@id":"https:\/\/www.wyssenseilbahnen.com\/ro\/funicularul-wyssen-tehnologie-cheie-pentru-o-padure-de-protectie-rezistenta-in-viitor\/#primaryimage","url":"https:\/\/www.wyssenseilbahnen.com\/wp-content\/uploads\/2026\/03\/nachhaltigkeit_1_wsl.jpg","contentUrl":"https:\/\/www.wyssenseilbahnen.com\/wp-content\/uploads\/2026\/03\/nachhaltigkeit_1_wsl.jpg","width":1920,"height":1440},{"@type":"BreadcrumbList","@id":"https:\/\/www.wyssenseilbahnen.com\/ro\/funicularul-wyssen-tehnologie-cheie-pentru-o-padure-de-protectie-rezistenta-in-viitor\/#breadcrumb","itemListElement":[{"@type":"ListItem","position":1,"name":"Startseite","item":"https:\/\/www.wyssenseilbahnen.com\/ro\/wyssen-seilbahnen-ag\/"},{"@type":"ListItem","position":2,"name":"Funicularul Wyssen \u2013 Tehnologie cheie pentru o p\u0103dure de protec\u021bie rezistent\u0103 \u00een viitor"}]},{"@type":"WebSite","@id":"https:\/\/www.wyssenseilbahnen.com\/ro\/#website","url":"https:\/\/www.wyssenseilbahnen.com\/ro\/","name":"Wyssen Seilbahnen AG","description":"Materialtransport in anspruchsvollem Gel\u00e4nde","publisher":{"@id":"https:\/\/www.wyssenseilbahnen.com\/ro\/#organization"},"potentialAction":[{"@type":"SearchAction","target":{"@type":"EntryPoint","urlTemplate":"https:\/\/www.wyssenseilbahnen.com\/ro\/?s={search_term_string}"},"query-input":{"@type":"PropertyValueSpecification","valueRequired":true,"valueName":"search_term_string"}}],"inLanguage":"ro-RO"},{"@type":"Organization","@id":"https:\/\/www.wyssenseilbahnen.com\/ro\/#organization","name":"Wyssen Seilbahnen AG","url":"https:\/\/www.wyssenseilbahnen.com\/ro\/","logo":{"@type":"ImageObject","inLanguage":"ro-RO","@id":"https:\/\/www.wyssenseilbahnen.com\/ro\/#\/schema\/logo\/image\/","url":"https:\/\/www.wyssenseilbahnen.com\/wp-content\/uploads\/2023\/08\/cropped-wyssen_sb_4c.png","contentUrl":"https:\/\/www.wyssenseilbahnen.com\/wp-content\/uploads\/2023\/08\/cropped-wyssen_sb_4c.png","width":1040,"height":155,"caption":"Wyssen Seilbahnen AG"},"image":{"@id":"https:\/\/www.wyssenseilbahnen.com\/ro\/#\/schema\/logo\/image\/"},"sameAs":["https:\/\/www.facebook.com\/wyssenseilbahnen"]},{"@type":"Person","@id":"https:\/\/www.wyssenseilbahnen.com\/ro\/#\/schema\/person\/622ab90dc28af580be1df9290c93ad73","name":"Nicole Schmid","image":{"@type":"ImageObject","inLanguage":"ro-RO","@id":"https:\/\/secure.gravatar.com\/avatar\/18b0862fd949ab4e8c6bdd1447bc885b83696a8e9f22e8f0e00018ca7cec2302?s=96&d=mm&r=g","url":"https:\/\/secure.gravatar.com\/avatar\/18b0862fd949ab4e8c6bdd1447bc885b83696a8e9f22e8f0e00018ca7cec2302?s=96&d=mm&r=g","contentUrl":"https:\/\/secure.gravatar.com\/avatar\/18b0862fd949ab4e8c6bdd1447bc885b83696a8e9f22e8f0e00018ca7cec2302?s=96&d=mm&r=g","caption":"Nicole Schmid"},"url":"https:\/\/www.wyssenseilbahnen.com\/ro\/author\/nicole-schmid\/"}]}},"_links":{"self":[{"href":"https:\/\/www.wyssenseilbahnen.com\/ro\/wp-json\/wp\/v2\/posts\/40616","targetHints":{"allow":["GET"]}}],"collection":[{"href":"https:\/\/www.wyssenseilbahnen.com\/ro\/wp-json\/wp\/v2\/posts"}],"about":[{"href":"https:\/\/www.wyssenseilbahnen.com\/ro\/wp-json\/wp\/v2\/types\/post"}],"author":[{"embeddable":true,"href":"https:\/\/www.wyssenseilbahnen.com\/ro\/wp-json\/wp\/v2\/users\/2"}],"replies":[{"embeddable":true,"href":"https:\/\/www.wyssenseilbahnen.com\/ro\/wp-json\/wp\/v2\/comments?post=40616"}],"version-history":[{"count":12,"href":"https:\/\/www.wyssenseilbahnen.com\/ro\/wp-json\/wp\/v2\/posts\/40616\/revisions"}],"predecessor-version":[{"id":40679,"href":"https:\/\/www.wyssenseilbahnen.com\/ro\/wp-json\/wp\/v2\/posts\/40616\/revisions\/40679"}],"wp:featuredmedia":[{"embeddable":true,"href":"https:\/\/www.wyssenseilbahnen.com\/ro\/wp-json\/wp\/v2\/media\/40635"}],"wp:attachment":[{"href":"https:\/\/www.wyssenseilbahnen.com\/ro\/wp-json\/wp\/v2\/media?parent=40616"}],"wp:term":[{"taxonomy":"category","embeddable":true,"href":"https:\/\/www.wyssenseilbahnen.com\/ro\/wp-json\/wp\/v2\/categories?post=40616"},{"taxonomy":"post_tag","embeddable":true,"href":"https:\/\/www.wyssenseilbahnen.com\/ro\/wp-json\/wp\/v2\/tags?post=40616"}],"curies":[{"name":"wp","href":"https:\/\/api.w.org\/{rel}","templated":true}]}}