{"id":38994,"date":"2025-05-20T14:35:41","date_gmt":"2025-05-20T14:35:41","guid":{"rendered":"https:\/\/www.wyssenseilbahnen.com\/impresii-interalpin-2025\/"},"modified":"2025-05-20T14:35:43","modified_gmt":"2025-05-20T14:35:43","slug":"impresii-interalpin-2025","status":"publish","type":"post","link":"https:\/\/www.wyssenseilbahnen.com\/ro\/impresii-interalpin-2025\/","title":{"rendered":"Impresii Interalpin 2025"},"content":{"rendered":"\t\t<div data-elementor-type=\"wp-post\" data-elementor-id=\"38994\" class=\"elementor elementor-38994 elementor-38976\" data-elementor-post-type=\"post\">\n\t\t\t\t\t\t<section class=\"elementor-section elementor-top-section elementor-element elementor-element-77ed908e elementor-section-stretched elementor-section-boxed elementor-section-height-default elementor-section-height-default\" data-id=\"77ed908e\" data-element_type=\"section\" data-e-type=\"section\" data-settings=\"{&quot;stretch_section&quot;:&quot;section-stretched&quot;,&quot;background_background&quot;:&quot;classic&quot;}\">\n\t\t\t\t\t\t<div class=\"elementor-container elementor-column-gap-default\">\n\t\t\t\t\t<div class=\"elementor-column elementor-col-100 elementor-top-column elementor-element elementor-element-62d90678\" data-id=\"62d90678\" data-element_type=\"column\" data-e-type=\"column\" data-settings=\"{&quot;background_background&quot;:&quot;classic&quot;}\">\n\t\t\t<div class=\"elementor-widget-wrap elementor-element-populated\">\n\t\t\t\t\t\t\t<\/div>\n\t\t<\/div>\n\t\t\t\t\t<\/div>\n\t\t<\/section>\n\t\t\t\t<section class=\"elementor-section elementor-top-section elementor-element elementor-element-c67b906 elementor-section-stretched elementor-section-boxed elementor-section-height-default elementor-section-height-default\" data-id=\"c67b906\" data-element_type=\"section\" data-e-type=\"section\" data-settings=\"{&quot;stretch_section&quot;:&quot;section-stretched&quot;,&quot;background_background&quot;:&quot;classic&quot;}\">\n\t\t\t\t\t\t<div class=\"elementor-container elementor-column-gap-default\">\n\t\t\t\t\t<div class=\"elementor-column elementor-col-100 elementor-top-column elementor-element elementor-element-7349467\" data-id=\"7349467\" data-element_type=\"column\" data-e-type=\"column\">\n\t\t\t<div class=\"elementor-widget-wrap elementor-element-populated\">\n\t\t\t\t\t\t<div class=\"elementor-element elementor-element-4f4c3c70 elementor-widget elementor-widget-spacer\" data-id=\"4f4c3c70\" data-element_type=\"widget\" data-e-type=\"widget\" data-widget_type=\"spacer.default\">\n\t\t\t\t<div class=\"elementor-widget-container\">\n\t\t\t\t\t\t\t<div class=\"elementor-spacer\">\n\t\t\t<div class=\"elementor-spacer-inner\"><\/div>\n\t\t<\/div>\n\t\t\t\t\t\t<\/div>\n\t\t\t\t<\/div>\n\t\t\t\t<div class=\"elementor-element elementor-element-4e0a6fb7 elementor-widget elementor-widget-text-editor\" data-id=\"4e0a6fb7\" data-element_type=\"widget\" data-e-type=\"widget\" data-widget_type=\"text-editor.default\">\n\t\t\t\t<div class=\"elementor-widget-container\">\n\t\t\t\t\t\t\t\t\t<p>INTERALPIN 2025, cel mai important t\u00e2rg din lume pentru tehnologii alpine, a avut loc la Innsbruck \u00een perioada 6-9 mai \u0219i a stabilit \u00eenc\u0103 o dat\u0103 noi standarde \u00een industrie. Desf\u0103\u0219urat pe parcursul a patru zile \u0219i av\u00e2nd un program extins, t\u00e2rgul a atras vizitatori \u0219i expozan\u021bi din peste 130 de \u021b\u0103ri. Cu 650 de expozan\u021bi din aproximativ 50 de \u021b\u0103ri \u0219i aproximativ 36.800 de vizitatori din \u00eentreaga lume, INTERALPIN \u0219i-a consolidat pozi\u021bia remarcabil\u0103 de lider mondial pentru telecabine \u0219i tehnologii pentru zona montan\u0103. Au fost prezentate inova\u021bii tehnologice \u0219i solu\u021bii orientate spre viitor din toate domeniile relevante ale industriei: telecabine \u0219i sisteme de ascensoare, concepte de mobilitate urban\u0103, planificare \u0219i arhitectur\u0103 alpin\u0103, \u00eentre\u021binerea p\u00e2rtiilor \u0219i z\u0103pad\u0103 artificial\u0103, sisteme de acces \u0219i ticketing, solu\u021bii de siguran\u021b\u0103 \u0219i facilit\u0103\u021bi pentru agrement \u0219i sport.   <\/p><p>\u00cempreun\u0103 cu compania Wyssen Avalanche Control AG, am putut prezenta inova\u021biile noastre la standul B133 din hala B.1.<\/p><p>Mul\u021bumiri speciale tuturor vizitatorilor care au trecut pe la noi \u00een aceste patru zile &#8211; suntem cople\u0219i\u021bi. \u00cen urm\u0103toarea galerie de imagini ve\u021bi ob\u021bine o mic\u0103 perspectiv\u0103 asupra \u201etimpului nostru Interalpin\u201d. <\/p><p>A\u0219tept\u0103m cu ner\u0103bdare s\u0103 v\u0103 revedem la standul nostru \u00een perioada <strong>20-23 aprilie 2027.<\/strong><\/p>\t\t\t\t\t\t\t\t<\/div>\n\t\t\t\t<\/div>\n\t\t\t\t<div class=\"elementor-element elementor-element-3925f90d elementor-arrows-position-inside elementor-pagination-position-outside elementor-widget elementor-widget-image-carousel\" data-id=\"3925f90d\" data-element_type=\"widget\" data-e-type=\"widget\" data-settings=\"{&quot;slides_to_show&quot;:&quot;1&quot;,&quot;navigation&quot;:&quot;both&quot;,&quot;autoplay&quot;:&quot;yes&quot;,&quot;pause_on_hover&quot;:&quot;yes&quot;,&quot;pause_on_interaction&quot;:&quot;yes&quot;,&quot;autoplay_speed&quot;:5000,&quot;infinite&quot;:&quot;yes&quot;,&quot;effect&quot;:&quot;slide&quot;,&quot;speed&quot;:500}\" data-widget_type=\"image-carousel.default\">\n\t\t\t\t<div class=\"elementor-widget-container\">\n\t\t\t\t\t\t\t<div class=\"elementor-image-carousel-wrapper swiper\" role=\"region\" aria-roledescription=\"carousel\" aria-label=\"Bild Karussell\" dir=\"ltr\">\n\t\t\t<div class=\"elementor-image-carousel swiper-wrapper\" aria-live=\"off\">\n\t\t\t\t\t\t\t\t<div class=\"swiper-slide\" role=\"group\" aria-roledescription=\"slide\" aria-label=\"1 din 10\"><figure class=\"swiper-slide-inner\"><img decoding=\"async\" class=\"swiper-slide-image\" src=\"https:\/\/www.wyssenseilbahnen.com\/wp-content\/uploads\/2025\/05\/interalpin_1.jpg\" alt=\"interalpin_1.jpg\" \/><\/figure><\/div><div class=\"swiper-slide\" role=\"group\" aria-roledescription=\"slide\" aria-label=\"2 din 10\"><figure class=\"swiper-slide-inner\"><img decoding=\"async\" class=\"swiper-slide-image\" src=\"https:\/\/www.wyssenseilbahnen.com\/wp-content\/uploads\/2025\/05\/interalpin_2.jpg\" alt=\"interalpin_2.jpg\" \/><\/figure><\/div><div class=\"swiper-slide\" role=\"group\" aria-roledescription=\"slide\" aria-label=\"3 din 10\"><figure class=\"swiper-slide-inner\"><img decoding=\"async\" class=\"swiper-slide-image\" src=\"https:\/\/www.wyssenseilbahnen.com\/wp-content\/uploads\/2025\/05\/interalpin_3.jpg\" alt=\"interalpin_3.jpg\" \/><\/figure><\/div><div class=\"swiper-slide\" role=\"group\" aria-roledescription=\"slide\" aria-label=\"4 din 10\"><figure class=\"swiper-slide-inner\"><img decoding=\"async\" class=\"swiper-slide-image\" src=\"https:\/\/www.wyssenseilbahnen.com\/wp-content\/uploads\/2025\/05\/interalpin_4.jpg\" alt=\"interalpin_4.jpg\" \/><\/figure><\/div><div class=\"swiper-slide\" role=\"group\" aria-roledescription=\"slide\" aria-label=\"5 din 10\"><figure class=\"swiper-slide-inner\"><img decoding=\"async\" class=\"swiper-slide-image\" src=\"https:\/\/www.wyssenseilbahnen.com\/wp-content\/uploads\/2025\/05\/interalpin_5.jpg\" alt=\"interalpin_5.jpg\" \/><\/figure><\/div><div class=\"swiper-slide\" role=\"group\" aria-roledescription=\"slide\" aria-label=\"6 din 10\"><figure class=\"swiper-slide-inner\"><img decoding=\"async\" class=\"swiper-slide-image\" src=\"https:\/\/www.wyssenseilbahnen.com\/wp-content\/uploads\/2025\/05\/interalpin_6.jpg\" alt=\"interalpin_6.jpg\" \/><\/figure><\/div><div class=\"swiper-slide\" role=\"group\" aria-roledescription=\"slide\" aria-label=\"7 din 10\"><figure class=\"swiper-slide-inner\"><img decoding=\"async\" class=\"swiper-slide-image\" src=\"https:\/\/www.wyssenseilbahnen.com\/wp-content\/uploads\/2025\/05\/interalpin_7.jpg\" alt=\"interalpin_7.jpg\" \/><\/figure><\/div><div class=\"swiper-slide\" role=\"group\" aria-roledescription=\"slide\" aria-label=\"8 din 10\"><figure class=\"swiper-slide-inner\"><img decoding=\"async\" class=\"swiper-slide-image\" src=\"https:\/\/www.wyssenseilbahnen.com\/wp-content\/uploads\/2025\/05\/interalpin_8.jpg\" alt=\"interalpin_8.jpg\" \/><\/figure><\/div><div class=\"swiper-slide\" role=\"group\" aria-roledescription=\"slide\" aria-label=\"9 din 10\"><figure class=\"swiper-slide-inner\"><img decoding=\"async\" class=\"swiper-slide-image\" src=\"https:\/\/www.wyssenseilbahnen.com\/wp-content\/uploads\/2025\/05\/interalpin_9.jpg\" alt=\"interalpin_9.jpg\" \/><\/figure><\/div><div class=\"swiper-slide\" role=\"group\" aria-roledescription=\"slide\" aria-label=\"10 din 10\"><figure class=\"swiper-slide-inner\"><img decoding=\"async\" class=\"swiper-slide-image\" src=\"https:\/\/www.wyssenseilbahnen.com\/wp-content\/uploads\/2025\/05\/interalpin_10-1.jpg\" alt=\"interalpin_10-1.jpg\" \/><\/figure><\/div>\t\t\t<\/div>\n\t\t\t\t\t\t\t\t\t\t\t\t<div class=\"elementor-swiper-button elementor-swiper-button-prev\" role=\"button\" tabindex=\"0\">\n\t\t\t\t\t\t<i aria-hidden=\"true\" class=\"eicon-chevron-left\"><\/i>\t\t\t\t\t<\/div>\n\t\t\t\t\t<div class=\"elementor-swiper-button elementor-swiper-button-next\" role=\"button\" tabindex=\"0\">\n\t\t\t\t\t\t<i aria-hidden=\"true\" class=\"eicon-chevron-right\"><\/i>\t\t\t\t\t<\/div>\n\t\t\t\t\n\t\t\t\t\t\t\t\t\t<div class=\"swiper-pagination\"><\/div>\n\t\t\t\t\t\t\t\t\t<\/div>\n\t\t\t\t\t\t<\/div>\n\t\t\t\t<\/div>\n\t\t\t\t<div class=\"elementor-element elementor-element-125fbeab elementor-widget elementor-widget-spacer\" data-id=\"125fbeab\" data-element_type=\"widget\" data-e-type=\"widget\" data-widget_type=\"spacer.default\">\n\t\t\t\t<div class=\"elementor-widget-container\">\n\t\t\t\t\t\t\t<div class=\"elementor-spacer\">\n\t\t\t<div class=\"elementor-spacer-inner\"><\/div>\n\t\t<\/div>\n\t\t\t\t\t\t<\/div>\n\t\t\t\t<\/div>\n\t\t\t\t\t<\/div>\n\t\t<\/div>\n\t\t\t\t\t<\/div>\n\t\t<\/section>\n\t\t\t\t<\/div>\n\t\t","protected":false},"excerpt":{"rendered":"<p>INTERALPIN 2025, cel mai important t\u00e2rg din lume pentru tehnologii alpine, a avut loc la Innsbruck \u00een perioada 6-9 mai \u0219i a stabilit \u00eenc\u0103 o dat\u0103 noi standarde \u00een industrie. Desf\u0103\u0219urat pe parcursul a patru zile \u0219i av\u00e2nd un program extins, t\u00e2rgul a atras vizitatori \u0219i expozan\u021bi din peste 130 de \u021b\u0103ri [\u2026] <\/p>\n","protected":false},"author":2,"featured_media":38973,"comment_status":"open","ping_status":"open","sticky":false,"template":"","format":"standard","meta":{"site-sidebar-layout":"default","site-content-layout":"","ast-site-content-layout":"default","site-content-style":"default","site-sidebar-style":"default","ast-global-header-display":"","ast-banner-title-visibility":"","ast-main-header-display":"","ast-hfb-above-header-display":"","ast-hfb-below-header-display":"","ast-hfb-mobile-header-display":"","site-post-title":"","ast-breadcrumbs-content":"","ast-featured-img":"","footer-sml-layout":"","theme-transparent-header-meta":"","adv-header-id-meta":"","stick-header-meta":"","header-above-stick-meta":"","header-main-stick-meta":"","header-below-stick-meta":"","astra-migrate-meta-layouts":"default","ast-page-background-enabled":"default","ast-page-background-meta":{"desktop":{"background-color":"var(--ast-global-color-4)","background-image":"","background-repeat":"repeat","background-position":"center center","background-size":"auto","background-attachment":"scroll","background-type":"","background-media":"","overlay-type":"","overlay-color":"","overlay-opacity":"","overlay-gradient":""},"tablet":{"background-color":"","background-image":"","background-repeat":"repeat","background-position":"center center","background-size":"auto","background-attachment":"scroll","background-type":"","background-media":"","overlay-type":"","overlay-color":"","overlay-opacity":"","overlay-gradient":""},"mobile":{"background-color":"","background-image":"","background-repeat":"repeat","background-position":"center center","background-size":"auto","background-attachment":"scroll","background-type":"","background-media":"","overlay-type":"","overlay-color":"","overlay-opacity":"","overlay-gradient":""}},"ast-content-background-meta":{"desktop":{"background-color":"var(--ast-global-color-5)","background-image":"","background-repeat":"repeat","background-position":"center center","background-size":"auto","background-attachment":"scroll","background-type":"","background-media":"","overlay-type":"","overlay-color":"","overlay-opacity":"","overlay-gradient":""},"tablet":{"background-color":"var(--ast-global-color-5)","background-image":"","background-repeat":"repeat","background-position":"center center","background-size":"auto","background-attachment":"scroll","background-type":"","background-media":"","overlay-type":"","overlay-color":"","overlay-opacity":"","overlay-gradient":""},"mobile":{"background-color":"var(--ast-global-color-5)","background-image":"","background-repeat":"repeat","background-position":"center center","background-size":"auto","background-attachment":"scroll","background-type":"","background-media":"","overlay-type":"","overlay-color":"","overlay-opacity":"","overlay-gradient":""}},"footnotes":""},"categories":[51],"tags":[],"class_list":["post-38994","post","type-post","status-publish","format-standard","has-post-thumbnail","hentry","category-allgemein-ro"],"yoast_head":"<!-- This site is optimized with the Yoast SEO plugin v27.3 - https:\/\/yoast.com\/product\/yoast-seo-wordpress\/ -->\n<title>Impresii Interalpin 2025 &#8226; Wyssen Seilbahnen AG<\/title>\n<meta name=\"robots\" content=\"index, follow, max-snippet:-1, max-image-preview:large, max-video-preview:-1\" \/>\n<link rel=\"canonical\" href=\"https:\/\/www.wyssenseilbahnen.com\/ro\/impresii-interalpin-2025\/\" \/>\n<meta property=\"og:locale\" content=\"ro_RO\" \/>\n<meta property=\"og:type\" content=\"article\" \/>\n<meta property=\"og:title\" content=\"Impresii Interalpin 2025 &#8226; Wyssen Seilbahnen AG\" \/>\n<meta property=\"og:description\" content=\"INTERALPIN 2025, cel mai important t\u00e2rg din lume pentru tehnologii alpine, a avut loc la Innsbruck \u00een perioada 6-9 mai \u0219i a stabilit \u00eenc\u0103 o dat\u0103 noi standarde \u00een industrie. Desf\u0103\u0219urat pe parcursul a patru zile \u0219i av\u00e2nd un program extins, t\u00e2rgul a atras vizitatori \u0219i expozan\u021bi din peste 130 de \u021b\u0103ri [\u2026]\" \/>\n<meta property=\"og:url\" content=\"https:\/\/www.wyssenseilbahnen.com\/ro\/impresii-interalpin-2025\/\" \/>\n<meta property=\"og:site_name\" content=\"Wyssen Seilbahnen AG\" \/>\n<meta property=\"article:publisher\" content=\"https:\/\/www.facebook.com\/wyssenseilbahnen\" \/>\n<meta property=\"article:published_time\" content=\"2025-05-20T14:35:41+00:00\" \/>\n<meta property=\"article:modified_time\" content=\"2025-05-20T14:35:43+00:00\" \/>\n<meta property=\"og:image\" content=\"https:\/\/www.wyssenseilbahnen.com\/wp-content\/uploads\/2025\/05\/interalpin_10-1.jpg\" \/>\n\t<meta property=\"og:image:width\" content=\"1920\" \/>\n\t<meta property=\"og:image:height\" content=\"1280\" \/>\n\t<meta property=\"og:image:type\" content=\"image\/jpeg\" \/>\n<meta name=\"author\" content=\"Nicole Schmid\" \/>\n<meta name=\"twitter:card\" content=\"summary_large_image\" \/>\n<meta name=\"twitter:label1\" content=\"Scris de\" \/>\n\t<meta name=\"twitter:data1\" content=\"Nicole Schmid\" \/>\n\t<meta name=\"twitter:label2\" content=\"Timp estimat pentru citire\" \/>\n\t<meta name=\"twitter:data2\" content=\"1 minut\" \/>\n<script type=\"application\/ld+json\" class=\"yoast-schema-graph\">{\"@context\":\"https:\\\/\\\/schema.org\",\"@graph\":[{\"@type\":\"Article\",\"@id\":\"https:\\\/\\\/www.wyssenseilbahnen.com\\\/ro\\\/impresii-interalpin-2025\\\/#article\",\"isPartOf\":{\"@id\":\"https:\\\/\\\/www.wyssenseilbahnen.com\\\/ro\\\/impresii-interalpin-2025\\\/\"},\"author\":{\"name\":\"Nicole Schmid\",\"@id\":\"https:\\\/\\\/www.wyssenseilbahnen.com\\\/ro\\\/#\\\/schema\\\/person\\\/622ab90dc28af580be1df9290c93ad73\"},\"headline\":\"Impresii Interalpin 2025\",\"datePublished\":\"2025-05-20T14:35:41+00:00\",\"dateModified\":\"2025-05-20T14:35:43+00:00\",\"mainEntityOfPage\":{\"@id\":\"https:\\\/\\\/www.wyssenseilbahnen.com\\\/ro\\\/impresii-interalpin-2025\\\/\"},\"wordCount\":215,\"commentCount\":0,\"publisher\":{\"@id\":\"https:\\\/\\\/www.wyssenseilbahnen.com\\\/ro\\\/#organization\"},\"image\":{\"@id\":\"https:\\\/\\\/www.wyssenseilbahnen.com\\\/ro\\\/impresii-interalpin-2025\\\/#primaryimage\"},\"thumbnailUrl\":\"https:\\\/\\\/www.wyssenseilbahnen.com\\\/wp-content\\\/uploads\\\/2025\\\/05\\\/interalpin_10-1.jpg\",\"articleSection\":[\"Allgemein\"],\"inLanguage\":\"ro-RO\",\"potentialAction\":[{\"@type\":\"CommentAction\",\"name\":\"Comment\",\"target\":[\"https:\\\/\\\/www.wyssenseilbahnen.com\\\/ro\\\/impresii-interalpin-2025\\\/#respond\"]}]},{\"@type\":\"WebPage\",\"@id\":\"https:\\\/\\\/www.wyssenseilbahnen.com\\\/ro\\\/impresii-interalpin-2025\\\/\",\"url\":\"https:\\\/\\\/www.wyssenseilbahnen.com\\\/ro\\\/impresii-interalpin-2025\\\/\",\"name\":\"Impresii Interalpin 2025 &#8226; Wyssen Seilbahnen AG\",\"isPartOf\":{\"@id\":\"https:\\\/\\\/www.wyssenseilbahnen.com\\\/ro\\\/#website\"},\"primaryImageOfPage\":{\"@id\":\"https:\\\/\\\/www.wyssenseilbahnen.com\\\/ro\\\/impresii-interalpin-2025\\\/#primaryimage\"},\"image\":{\"@id\":\"https:\\\/\\\/www.wyssenseilbahnen.com\\\/ro\\\/impresii-interalpin-2025\\\/#primaryimage\"},\"thumbnailUrl\":\"https:\\\/\\\/www.wyssenseilbahnen.com\\\/wp-content\\\/uploads\\\/2025\\\/05\\\/interalpin_10-1.jpg\",\"datePublished\":\"2025-05-20T14:35:41+00:00\",\"dateModified\":\"2025-05-20T14:35:43+00:00\",\"breadcrumb\":{\"@id\":\"https:\\\/\\\/www.wyssenseilbahnen.com\\\/ro\\\/impresii-interalpin-2025\\\/#breadcrumb\"},\"inLanguage\":\"ro-RO\",\"potentialAction\":[{\"@type\":\"ReadAction\",\"target\":[\"https:\\\/\\\/www.wyssenseilbahnen.com\\\/ro\\\/impresii-interalpin-2025\\\/\"]}]},{\"@type\":\"ImageObject\",\"inLanguage\":\"ro-RO\",\"@id\":\"https:\\\/\\\/www.wyssenseilbahnen.com\\\/ro\\\/impresii-interalpin-2025\\\/#primaryimage\",\"url\":\"https:\\\/\\\/www.wyssenseilbahnen.com\\\/wp-content\\\/uploads\\\/2025\\\/05\\\/interalpin_10-1.jpg\",\"contentUrl\":\"https:\\\/\\\/www.wyssenseilbahnen.com\\\/wp-content\\\/uploads\\\/2025\\\/05\\\/interalpin_10-1.jpg\",\"width\":1920,\"height\":1280},{\"@type\":\"BreadcrumbList\",\"@id\":\"https:\\\/\\\/www.wyssenseilbahnen.com\\\/ro\\\/impresii-interalpin-2025\\\/#breadcrumb\",\"itemListElement\":[{\"@type\":\"ListItem\",\"position\":1,\"name\":\"Startseite\",\"item\":\"https:\\\/\\\/www.wyssenseilbahnen.com\\\/ro\\\/wyssen-seilbahnen-ag\\\/\"},{\"@type\":\"ListItem\",\"position\":2,\"name\":\"Impresii Interalpin 2025\"}]},{\"@type\":\"WebSite\",\"@id\":\"https:\\\/\\\/www.wyssenseilbahnen.com\\\/ro\\\/#website\",\"url\":\"https:\\\/\\\/www.wyssenseilbahnen.com\\\/ro\\\/\",\"name\":\"Wyssen Seilbahnen AG\",\"description\":\"Materialtransport in anspruchsvollem Gel\u00e4nde\",\"publisher\":{\"@id\":\"https:\\\/\\\/www.wyssenseilbahnen.com\\\/ro\\\/#organization\"},\"potentialAction\":[{\"@type\":\"SearchAction\",\"target\":{\"@type\":\"EntryPoint\",\"urlTemplate\":\"https:\\\/\\\/www.wyssenseilbahnen.com\\\/ro\\\/?s={search_term_string}\"},\"query-input\":{\"@type\":\"PropertyValueSpecification\",\"valueRequired\":true,\"valueName\":\"search_term_string\"}}],\"inLanguage\":\"ro-RO\"},{\"@type\":\"Organization\",\"@id\":\"https:\\\/\\\/www.wyssenseilbahnen.com\\\/ro\\\/#organization\",\"name\":\"Wyssen Seilbahnen AG\",\"url\":\"https:\\\/\\\/www.wyssenseilbahnen.com\\\/ro\\\/\",\"logo\":{\"@type\":\"ImageObject\",\"inLanguage\":\"ro-RO\",\"@id\":\"https:\\\/\\\/www.wyssenseilbahnen.com\\\/ro\\\/#\\\/schema\\\/logo\\\/image\\\/\",\"url\":\"https:\\\/\\\/www.wyssenseilbahnen.com\\\/wp-content\\\/uploads\\\/2023\\\/08\\\/cropped-wyssen_sb_4c.png\",\"contentUrl\":\"https:\\\/\\\/www.wyssenseilbahnen.com\\\/wp-content\\\/uploads\\\/2023\\\/08\\\/cropped-wyssen_sb_4c.png\",\"width\":1040,\"height\":155,\"caption\":\"Wyssen Seilbahnen AG\"},\"image\":{\"@id\":\"https:\\\/\\\/www.wyssenseilbahnen.com\\\/ro\\\/#\\\/schema\\\/logo\\\/image\\\/\"},\"sameAs\":[\"https:\\\/\\\/www.facebook.com\\\/wyssenseilbahnen\"]},{\"@type\":\"Person\",\"@id\":\"https:\\\/\\\/www.wyssenseilbahnen.com\\\/ro\\\/#\\\/schema\\\/person\\\/622ab90dc28af580be1df9290c93ad73\",\"name\":\"Nicole Schmid\",\"image\":{\"@type\":\"ImageObject\",\"inLanguage\":\"ro-RO\",\"@id\":\"https:\\\/\\\/secure.gravatar.com\\\/avatar\\\/18b0862fd949ab4e8c6bdd1447bc885b83696a8e9f22e8f0e00018ca7cec2302?s=96&d=mm&r=g\",\"url\":\"https:\\\/\\\/secure.gravatar.com\\\/avatar\\\/18b0862fd949ab4e8c6bdd1447bc885b83696a8e9f22e8f0e00018ca7cec2302?s=96&d=mm&r=g\",\"contentUrl\":\"https:\\\/\\\/secure.gravatar.com\\\/avatar\\\/18b0862fd949ab4e8c6bdd1447bc885b83696a8e9f22e8f0e00018ca7cec2302?s=96&d=mm&r=g\",\"caption\":\"Nicole Schmid\"},\"url\":\"https:\\\/\\\/www.wyssenseilbahnen.com\\\/ro\\\/author\\\/nicole-schmid\\\/\"}]}<\/script>\n<!-- \/ Yoast SEO plugin. -->","yoast_head_json":{"title":"Impresii Interalpin 2025 &#8226; Wyssen Seilbahnen AG","robots":{"index":"index","follow":"follow","max-snippet":"max-snippet:-1","max-image-preview":"max-image-preview:large","max-video-preview":"max-video-preview:-1"},"canonical":"https:\/\/www.wyssenseilbahnen.com\/ro\/impresii-interalpin-2025\/","og_locale":"ro_RO","og_type":"article","og_title":"Impresii Interalpin 2025 &#8226; Wyssen Seilbahnen AG","og_description":"INTERALPIN 2025, cel mai important t\u00e2rg din lume pentru tehnologii alpine, a avut loc la Innsbruck \u00een perioada 6-9 mai \u0219i a stabilit \u00eenc\u0103 o dat\u0103 noi standarde \u00een industrie. Desf\u0103\u0219urat pe parcursul a patru zile \u0219i av\u00e2nd un program extins, t\u00e2rgul a atras vizitatori \u0219i expozan\u021bi din peste 130 de \u021b\u0103ri [\u2026]","og_url":"https:\/\/www.wyssenseilbahnen.com\/ro\/impresii-interalpin-2025\/","og_site_name":"Wyssen Seilbahnen AG","article_publisher":"https:\/\/www.facebook.com\/wyssenseilbahnen","article_published_time":"2025-05-20T14:35:41+00:00","article_modified_time":"2025-05-20T14:35:43+00:00","og_image":[{"width":1920,"height":1280,"url":"https:\/\/www.wyssenseilbahnen.com\/wp-content\/uploads\/2025\/05\/interalpin_10-1.jpg","type":"image\/jpeg"}],"author":"Nicole Schmid","twitter_card":"summary_large_image","twitter_misc":{"Scris de":"Nicole Schmid","Timp estimat pentru citire":"1 minut"},"schema":{"@context":"https:\/\/schema.org","@graph":[{"@type":"Article","@id":"https:\/\/www.wyssenseilbahnen.com\/ro\/impresii-interalpin-2025\/#article","isPartOf":{"@id":"https:\/\/www.wyssenseilbahnen.com\/ro\/impresii-interalpin-2025\/"},"author":{"name":"Nicole Schmid","@id":"https:\/\/www.wyssenseilbahnen.com\/ro\/#\/schema\/person\/622ab90dc28af580be1df9290c93ad73"},"headline":"Impresii Interalpin 2025","datePublished":"2025-05-20T14:35:41+00:00","dateModified":"2025-05-20T14:35:43+00:00","mainEntityOfPage":{"@id":"https:\/\/www.wyssenseilbahnen.com\/ro\/impresii-interalpin-2025\/"},"wordCount":215,"commentCount":0,"publisher":{"@id":"https:\/\/www.wyssenseilbahnen.com\/ro\/#organization"},"image":{"@id":"https:\/\/www.wyssenseilbahnen.com\/ro\/impresii-interalpin-2025\/#primaryimage"},"thumbnailUrl":"https:\/\/www.wyssenseilbahnen.com\/wp-content\/uploads\/2025\/05\/interalpin_10-1.jpg","articleSection":["Allgemein"],"inLanguage":"ro-RO","potentialAction":[{"@type":"CommentAction","name":"Comment","target":["https:\/\/www.wyssenseilbahnen.com\/ro\/impresii-interalpin-2025\/#respond"]}]},{"@type":"WebPage","@id":"https:\/\/www.wyssenseilbahnen.com\/ro\/impresii-interalpin-2025\/","url":"https:\/\/www.wyssenseilbahnen.com\/ro\/impresii-interalpin-2025\/","name":"Impresii Interalpin 2025 &#8226; Wyssen Seilbahnen AG","isPartOf":{"@id":"https:\/\/www.wyssenseilbahnen.com\/ro\/#website"},"primaryImageOfPage":{"@id":"https:\/\/www.wyssenseilbahnen.com\/ro\/impresii-interalpin-2025\/#primaryimage"},"image":{"@id":"https:\/\/www.wyssenseilbahnen.com\/ro\/impresii-interalpin-2025\/#primaryimage"},"thumbnailUrl":"https:\/\/www.wyssenseilbahnen.com\/wp-content\/uploads\/2025\/05\/interalpin_10-1.jpg","datePublished":"2025-05-20T14:35:41+00:00","dateModified":"2025-05-20T14:35:43+00:00","breadcrumb":{"@id":"https:\/\/www.wyssenseilbahnen.com\/ro\/impresii-interalpin-2025\/#breadcrumb"},"inLanguage":"ro-RO","potentialAction":[{"@type":"ReadAction","target":["https:\/\/www.wyssenseilbahnen.com\/ro\/impresii-interalpin-2025\/"]}]},{"@type":"ImageObject","inLanguage":"ro-RO","@id":"https:\/\/www.wyssenseilbahnen.com\/ro\/impresii-interalpin-2025\/#primaryimage","url":"https:\/\/www.wyssenseilbahnen.com\/wp-content\/uploads\/2025\/05\/interalpin_10-1.jpg","contentUrl":"https:\/\/www.wyssenseilbahnen.com\/wp-content\/uploads\/2025\/05\/interalpin_10-1.jpg","width":1920,"height":1280},{"@type":"BreadcrumbList","@id":"https:\/\/www.wyssenseilbahnen.com\/ro\/impresii-interalpin-2025\/#breadcrumb","itemListElement":[{"@type":"ListItem","position":1,"name":"Startseite","item":"https:\/\/www.wyssenseilbahnen.com\/ro\/wyssen-seilbahnen-ag\/"},{"@type":"ListItem","position":2,"name":"Impresii Interalpin 2025"}]},{"@type":"WebSite","@id":"https:\/\/www.wyssenseilbahnen.com\/ro\/#website","url":"https:\/\/www.wyssenseilbahnen.com\/ro\/","name":"Wyssen Seilbahnen AG","description":"Materialtransport in anspruchsvollem Gel\u00e4nde","publisher":{"@id":"https:\/\/www.wyssenseilbahnen.com\/ro\/#organization"},"potentialAction":[{"@type":"SearchAction","target":{"@type":"EntryPoint","urlTemplate":"https:\/\/www.wyssenseilbahnen.com\/ro\/?s={search_term_string}"},"query-input":{"@type":"PropertyValueSpecification","valueRequired":true,"valueName":"search_term_string"}}],"inLanguage":"ro-RO"},{"@type":"Organization","@id":"https:\/\/www.wyssenseilbahnen.com\/ro\/#organization","name":"Wyssen Seilbahnen AG","url":"https:\/\/www.wyssenseilbahnen.com\/ro\/","logo":{"@type":"ImageObject","inLanguage":"ro-RO","@id":"https:\/\/www.wyssenseilbahnen.com\/ro\/#\/schema\/logo\/image\/","url":"https:\/\/www.wyssenseilbahnen.com\/wp-content\/uploads\/2023\/08\/cropped-wyssen_sb_4c.png","contentUrl":"https:\/\/www.wyssenseilbahnen.com\/wp-content\/uploads\/2023\/08\/cropped-wyssen_sb_4c.png","width":1040,"height":155,"caption":"Wyssen Seilbahnen AG"},"image":{"@id":"https:\/\/www.wyssenseilbahnen.com\/ro\/#\/schema\/logo\/image\/"},"sameAs":["https:\/\/www.facebook.com\/wyssenseilbahnen"]},{"@type":"Person","@id":"https:\/\/www.wyssenseilbahnen.com\/ro\/#\/schema\/person\/622ab90dc28af580be1df9290c93ad73","name":"Nicole Schmid","image":{"@type":"ImageObject","inLanguage":"ro-RO","@id":"https:\/\/secure.gravatar.com\/avatar\/18b0862fd949ab4e8c6bdd1447bc885b83696a8e9f22e8f0e00018ca7cec2302?s=96&d=mm&r=g","url":"https:\/\/secure.gravatar.com\/avatar\/18b0862fd949ab4e8c6bdd1447bc885b83696a8e9f22e8f0e00018ca7cec2302?s=96&d=mm&r=g","contentUrl":"https:\/\/secure.gravatar.com\/avatar\/18b0862fd949ab4e8c6bdd1447bc885b83696a8e9f22e8f0e00018ca7cec2302?s=96&d=mm&r=g","caption":"Nicole Schmid"},"url":"https:\/\/www.wyssenseilbahnen.com\/ro\/author\/nicole-schmid\/"}]}},"_links":{"self":[{"href":"https:\/\/www.wyssenseilbahnen.com\/ro\/wp-json\/wp\/v2\/posts\/38994","targetHints":{"allow":["GET"]}}],"collection":[{"href":"https:\/\/www.wyssenseilbahnen.com\/ro\/wp-json\/wp\/v2\/posts"}],"about":[{"href":"https:\/\/www.wyssenseilbahnen.com\/ro\/wp-json\/wp\/v2\/types\/post"}],"author":[{"embeddable":true,"href":"https:\/\/www.wyssenseilbahnen.com\/ro\/wp-json\/wp\/v2\/users\/2"}],"replies":[{"embeddable":true,"href":"https:\/\/www.wyssenseilbahnen.com\/ro\/wp-json\/wp\/v2\/comments?post=38994"}],"version-history":[{"count":1,"href":"https:\/\/www.wyssenseilbahnen.com\/ro\/wp-json\/wp\/v2\/posts\/38994\/revisions"}],"predecessor-version":[{"id":38995,"href":"https:\/\/www.wyssenseilbahnen.com\/ro\/wp-json\/wp\/v2\/posts\/38994\/revisions\/38995"}],"wp:featuredmedia":[{"embeddable":true,"href":"https:\/\/www.wyssenseilbahnen.com\/ro\/wp-json\/wp\/v2\/media\/38973"}],"wp:attachment":[{"href":"https:\/\/www.wyssenseilbahnen.com\/ro\/wp-json\/wp\/v2\/media?parent=38994"}],"wp:term":[{"taxonomy":"category","embeddable":true,"href":"https:\/\/www.wyssenseilbahnen.com\/ro\/wp-json\/wp\/v2\/categories?post=38994"},{"taxonomy":"post_tag","embeddable":true,"href":"https:\/\/www.wyssenseilbahnen.com\/ro\/wp-json\/wp\/v2\/tags?post=38994"}],"curies":[{"name":"wp","href":"https:\/\/api.w.org\/{rel}","templated":true}]}}